{"id":40573,"date":"2025-09-23T22:11:32","date_gmt":"2025-09-23T20:11:32","guid":{"rendered":"https:\/\/www.cafmeythet.org\/wp\/?p=40573"},"modified":"2025-09-23T22:25:41","modified_gmt":"2025-09-23T20:25:41","slug":"randonnee-pedestre-sentier-du-calvaire-de-megeve","status":"publish","type":"post","link":"https:\/\/www.cafmeythet.org\/wp\/2025\/09\/23\/randonnee-pedestre-sentier-du-calvaire-de-megeve\/","title":{"rendered":"Randonn\u00e9e p\u00e9destre: Sentier du calvaire de Meg\u00e8ve"},"content":{"rendered":"\n<p>Nous \u00e9tions 5 \u00e0 profiter de ce week-end du patrimoine \u00e0 Meg\u00e8ve sous une m\u00e9t\u00e9o tr\u00e8s cl\u00e9mente.<br>Visites sans pluie, quelques gouttes \u00e0 partir de 15h30.<br>Nous avons pique-niqu\u00e9 sous le soleil \u00e0 St Gervais o\u00f9 nous avons visit\u00e9 l&#8217;\u00e9glise et profit\u00e9 de la visite du cimeti\u00e8re<\/p>\n\n\n\n<p><strong>Eliane<\/strong><\/p>\n\n\n\n<div class=\"wp-block-envira-envira-gallery\"><div id=\"envira-gallery-wrap-40583\" class=\"envira-gallery-wrap envira-lazy-loading-enabled envira-layout-automatic\" itemscope itemtype=\"https:\/\/schema.org\/ImageGallery\"><div class=\"envira-loader\"><div><\/div><div><\/div><div><\/div><div><\/div><\/div><div id=\"envira-gallery-40583\" class=\"envira-gallery-public envira-gallery-0-columns envira-clear envira-gallery-justified-public\" data-envira-id=\"40583\" data-gallery-config='{\"type\":\"default\",\"layout\":\"automatic\",\"columns\":\"0\",\"justified_row_height\":150,\"justified_gallery_theme\":\"normal\",\"justified_margins\":1,\"justified_last_row\":\"nojustify\",\"justified_gallery_theme_detail\":\"\",\"gallery_theme\":\"base\",\"display_description\":0,\"description\":\"\",\"gutter\":1,\"margin\":1,\"random\":0,\"sorting_direction\":\"ASC\",\"image_size\":\"default\",\"image_sizes_random\":[],\"crop_width\":640,\"crop_height\":480,\"square_size\":300,\"crop\":0,\"crop_position\":\"c\",\"dimensions\":0,\"isotope\":1,\"css_animations\":1,\"css_opacity\":100,\"lightbox_title_caption\":\"title\",\"additional_copy_title\":0,\"additional_copy_caption\":0,\"additional_copy_automatic_title\":1,\"additional_copy_automatic_caption\":1,\"additional_copy_title_mobile\":0,\"additional_copy_caption_mobile\":0,\"additional_copy_automatic_title_mobile\":1,\"additional_copy_automatic_caption_mobile\":1,\"lazy_loading\":1,\"lazy_loading_delay\":500,\"sort_order\":\"0\",\"lightbox_enabled\":1,\"gallery_link_enabled\":1,\"lightbox_theme\":\"base_dark\",\"lightbox_image_size\":\"default\",\"lightbox_html_caption\":0,\"title_display\":\"float\",\"arrows\":1,\"arrows_position\":\"inside\",\"keyboard\":1,\"mousewheel\":1,\"toolbar\":1,\"toolbar_title\":0,\"toolbar_position\":\"top\",\"aspect\":1,\"loop\":1,\"lightbox_open_close_effect\":\"fade\",\"effect\":\"fade\",\"html5\":0,\"supersize\":0,\"thumbnails\":1,\"thumbnails_width\":75,\"thumbnails_height\":50,\"thumbnails_position\":\"bottom\",\"mobile\":1,\"mobile_width\":320,\"mobile_height\":240,\"mobile_lightbox\":1,\"mobile_touchwipe\":1,\"mobile_touchwipe_close\":0,\"mobile_arrows\":1,\"mobile_toolbar\":1,\"mobile_thumbnails\":1,\"mobile_thumbnails_width\":75,\"mobile_thumbnails_height\":50,\"mobile_justified_row_height\":80,\"title\":\"\",\"slug\":\"\",\"classes\":[],\"rtl\":0,\"show_more_text\":\"Click for more\",\"slideshow\":0,\"autoplay\":0,\"ss_speed\":5000,\"slideshow_hover\":0,\"gallery_id\":\"40583\"}' data-gallery-images='[{\"status\":\"active\",\"src\":\"https:\\\/\\\/www.cafmeythet.org\\\/wp\\\/wp-content\\\/uploads\\\/2025\\\/09\\\/Sentier-du-Calvaire-Megeve-1-1-scaled.jpg\",\"title\":\"Sentier-du-Calvaire-Megeve-1-1\",\"link\":\"https:\\\/\\\/www.cafmeythet.org\\\/wp\\\/wp-content\\\/uploads\\\/2025\\\/09\\\/Sentier-du-Calvaire-Megeve-1-1-scaled.jpg\",\"alt\":\"\",\"caption\":false,\"thumb\":\"https:\\\/\\\/www.cafmeythet.org\\\/wp\\\/wp-content\\\/uploads\\\/2025\\\/09\\\/Sentier-du-Calvaire-Megeve-1-1-scaled-75x50_c.jpg\",\"meta\":{\"aperture\":\"1.8\",\"credit\":null,\"camera\":\"SM-A145R\",\"caption\":\"\",\"created_timestamp\":\"1758450328\",\"copyright\":null,\"focal_length\":\"3.98\",\"iso\":\"250\",\"shutter_speed\":\"0.029\",\"title\":\"\",\"orientation\":\"1\",\"keywords\":null,\"resized_images\":null},\"thumbnail\":\"https:\\\/\\\/www.cafmeythet.org\\\/wp\\\/wp-content\\\/uploads\\\/2025\\\/09\\\/Sentier-du-Calvaire-Megeve-1-1-150x150.jpg\",\"medium\":\"https:\\\/\\\/www.cafmeythet.org\\\/wp\\\/wp-content\\\/uploads\\\/2025\\\/09\\\/Sentier-du-Calvaire-Megeve-1-1-113x250.jpg\",\"medium_large\":\"https:\\\/\\\/www.cafmeythet.org\\\/wp\\\/wp-content\\\/uploads\\\/2025\\\/09\\\/Sentier-du-Calvaire-Megeve-1-1-768x1707.jpg\",\"large\":\"https:\\\/\\\/www.cafmeythet.org\\\/wp\\\/wp-content\\\/uploads\\\/2025\\\/09\\\/Sentier-du-Calvaire-Megeve-1-1-461x1024.jpg\",\"1536x1536\":\"https:\\\/\\\/www.cafmeythet.org\\\/wp\\\/wp-content\\\/uploads\\\/2025\\\/09\\\/Sentier-du-Calvaire-Megeve-1-1-691x1536.jpg\",\"2048x2048\":\"https:\\\/\\\/www.cafmeythet.org\\\/wp\\\/wp-content\\\/uploads\\\/2025\\\/09\\\/Sentier-du-Calvaire-Megeve-1-1-922x2048.jpg\",\"post-thumbnail\":\"https:\\\/\\\/www.cafmeythet.org\\\/wp\\\/wp-content\\\/uploads\\\/2025\\\/09\\\/Sentier-du-Calvaire-Megeve-1-1-680x330.jpg\",\"evolve-post-thumbnail\":\"https:\\\/\\\/www.cafmeythet.org\\\/wp\\\/wp-content\\\/uploads\\\/2025\\\/09\\\/Sentier-du-Calvaire-Megeve-1-1-680x330.jpg\",\"evolve-slider-thumbnail\":\"https:\\\/\\\/www.cafmeythet.org\\\/wp\\\/wp-content\\\/uploads\\\/2025\\\/09\\\/Sentier-du-Calvaire-Megeve-1-1-400x300.jpg\",\"evolve-tabs-img\":\"https:\\\/\\\/www.cafmeythet.org\\\/wp\\\/wp-content\\\/uploads\\\/2025\\\/09\\\/Sentier-du-Calvaire-Megeve-1-1-50x50.jpg\",\"evolve-testimonial-avatar\":\"https:\\\/\\\/www.cafmeythet.org\\\/wp\\\/wp-content\\\/uploads\\\/2025\\\/09\\\/Sentier-du-Calvaire-Megeve-1-1-80x80.jpg\",\"full\":\"https:\\\/\\\/www.cafmeythet.org\\\/wp\\\/wp-content\\\/uploads\\\/2025\\\/09\\\/Sentier-du-Calvaire-Megeve-1-1-scaled.jpg\",\"index\":0,\"id\":40574,\"video\":false,\"opts\":{\"caption\":\"\",\"thumb\":\"https:\\\/\\\/www.cafmeythet.org\\\/wp\\\/wp-content\\\/uploads\\\/2025\\\/09\\\/Sentier-du-Calvaire-Megeve-1-1-scaled-75x50_c.jpg\",\"title\":\"Sentier-du-Calvaire-Megeve-1-1\"},\"gallery_id\":\"40583\"},{\"status\":\"active\",\"src\":\"https:\\\/\\\/www.cafmeythet.org\\\/wp\\\/wp-content\\\/uploads\\\/2025\\\/09\\\/Sentier-du-Calvaire-Megeve-2-1-scaled.jpg\",\"title\":\"Sentier-du-Calvaire-Megeve-2-1\",\"link\":\"https:\\\/\\\/www.cafmeythet.org\\\/wp\\\/wp-content\\\/uploads\\\/2025\\\/09\\\/Sentier-du-Calvaire-Megeve-2-1-scaled.jpg\",\"alt\":\"\",\"caption\":false,\"thumb\":\"https:\\\/\\\/www.cafmeythet.org\\\/wp\\\/wp-content\\\/uploads\\\/2025\\\/09\\\/Sentier-du-Calvaire-Megeve-2-1-scaled-75x50_c.jpg\",\"meta\":{\"aperture\":\"1.8\",\"credit\":null,\"camera\":\"SM-A145R\",\"caption\":\"\",\"created_timestamp\":\"1758451377\",\"copyright\":null,\"focal_length\":\"3.98\",\"iso\":\"100\",\"shutter_speed\":\"0.002\",\"title\":\"\",\"orientation\":\"1\",\"keywords\":null,\"resized_images\":null},\"thumbnail\":\"https:\\\/\\\/www.cafmeythet.org\\\/wp\\\/wp-content\\\/uploads\\\/2025\\\/09\\\/Sentier-du-Calvaire-Megeve-2-1-150x150.jpg\",\"medium\":\"https:\\\/\\\/www.cafmeythet.org\\\/wp\\\/wp-content\\\/uploads\\\/2025\\\/09\\\/Sentier-du-Calvaire-Megeve-2-1-333x150.jpg\",\"medium_large\":\"https:\\\/\\\/www.cafmeythet.org\\\/wp\\\/wp-content\\\/uploads\\\/2025\\\/09\\\/Sentier-du-Calvaire-Megeve-2-1-768x346.jpg\",\"large\":\"https:\\\/\\\/www.cafmeythet.org\\\/wp\\\/wp-content\\\/uploads\\\/2025\\\/09\\\/Sentier-du-Calvaire-Megeve-2-1-1024x461.jpg\",\"1536x1536\":\"https:\\\/\\\/www.cafmeythet.org\\\/wp\\\/wp-content\\\/uploads\\\/2025\\\/09\\\/Sentier-du-Calvaire-Megeve-2-1-1536x691.jpg\",\"2048x2048\":\"https:\\\/\\\/www.cafmeythet.org\\\/wp\\\/wp-content\\\/uploads\\\/2025\\\/09\\\/Sentier-du-Calvaire-Megeve-2-1-2048x922.jpg\",\"post-thumbnail\":\"https:\\\/\\\/www.cafmeythet.org\\\/wp\\\/wp-content\\\/uploads\\\/2025\\\/09\\\/Sentier-du-Calvaire-Megeve-2-1-680x330.jpg\",\"evolve-post-thumbnail\":\"https:\\\/\\\/www.cafmeythet.org\\\/wp\\\/wp-content\\\/uploads\\\/2025\\\/09\\\/Sentier-du-Calvaire-Megeve-2-1-680x330.jpg\",\"evolve-slider-thumbnail\":\"https:\\\/\\\/www.cafmeythet.org\\\/wp\\\/wp-content\\\/uploads\\\/2025\\\/09\\\/Sentier-du-Calvaire-Megeve-2-1-400x300.jpg\",\"evolve-tabs-img\":\"https:\\\/\\\/www.cafmeythet.org\\\/wp\\\/wp-content\\\/uploads\\\/2025\\\/09\\\/Sentier-du-Calvaire-Megeve-2-1-50x50.jpg\",\"evolve-testimonial-avatar\":\"https:\\\/\\\/www.cafmeythet.org\\\/wp\\\/wp-content\\\/uploads\\\/2025\\\/09\\\/Sentier-du-Calvaire-Megeve-2-1-80x80.jpg\",\"full\":\"https:\\\/\\\/www.cafmeythet.org\\\/wp\\\/wp-content\\\/uploads\\\/2025\\\/09\\\/Sentier-du-Calvaire-Megeve-2-1-scaled.jpg\",\"index\":1,\"id\":40575,\"video\":false,\"opts\":{\"caption\":\"\",\"thumb\":\"https:\\\/\\\/www.cafmeythet.org\\\/wp\\\/wp-content\\\/uploads\\\/2025\\\/09\\\/Sentier-du-Calvaire-Megeve-2-1-scaled-75x50_c.jpg\",\"title\":\"Sentier-du-Calvaire-Megeve-2-1\"},\"gallery_id\":\"40583\"},{\"status\":\"active\",\"src\":\"https:\\\/\\\/www.cafmeythet.org\\\/wp\\\/wp-content\\\/uploads\\\/2025\\\/09\\\/Sentier-du-Calvaire-Megeve-3-1-scaled.jpg\",\"title\":\"Sentier-du-Calvaire-Megeve-3-1\",\"link\":\"https:\\\/\\\/www.cafmeythet.org\\\/wp\\\/wp-content\\\/uploads\\\/2025\\\/09\\\/Sentier-du-Calvaire-Megeve-3-1-scaled.jpg\",\"alt\":\"\",\"caption\":false,\"thumb\":\"https:\\\/\\\/www.cafmeythet.org\\\/wp\\\/wp-content\\\/uploads\\\/2025\\\/09\\\/Sentier-du-Calvaire-Megeve-3-1-scaled-75x50_c.jpg\",\"meta\":{\"aperture\":\"1.8\",\"credit\":null,\"camera\":\"SM-A145R\",\"caption\":\"\",\"created_timestamp\":\"1758455951\",\"copyright\":null,\"focal_length\":\"3.98\",\"iso\":\"125\",\"shutter_speed\":\"0.008\",\"title\":\"\",\"orientation\":\"1\",\"keywords\":null,\"resized_images\":null},\"thumbnail\":\"https:\\\/\\\/www.cafmeythet.org\\\/wp\\\/wp-content\\\/uploads\\\/2025\\\/09\\\/Sentier-du-Calvaire-Megeve-3-1-150x150.jpg\",\"medium\":\"https:\\\/\\\/www.cafmeythet.org\\\/wp\\\/wp-content\\\/uploads\\\/2025\\\/09\\\/Sentier-du-Calvaire-Megeve-3-1-333x150.jpg\",\"medium_large\":\"https:\\\/\\\/www.cafmeythet.org\\\/wp\\\/wp-content\\\/uploads\\\/2025\\\/09\\\/Sentier-du-Calvaire-Megeve-3-1-768x346.jpg\",\"large\":\"https:\\\/\\\/www.cafmeythet.org\\\/wp\\\/wp-content\\\/uploads\\\/2025\\\/09\\\/Sentier-du-Calvaire-Megeve-3-1-1024x461.jpg\",\"1536x1536\":\"https:\\\/\\\/www.cafmeythet.org\\\/wp\\\/wp-content\\\/uploads\\\/2025\\\/09\\\/Sentier-du-Calvaire-Megeve-3-1-1536x691.jpg\",\"2048x2048\":\"https:\\\/\\\/www.cafmeythet.org\\\/wp\\\/wp-content\\\/uploads\\\/2025\\\/09\\\/Sentier-du-Calvaire-Megeve-3-1-2048x922.jpg\",\"post-thumbnail\":\"https:\\\/\\\/www.cafmeythet.org\\\/wp\\\/wp-content\\\/uploads\\\/2025\\\/09\\\/Sentier-du-Calvaire-Megeve-3-1-680x330.jpg\",\"evolve-post-thumbnail\":\"https:\\\/\\\/www.cafmeythet.org\\\/wp\\\/wp-content\\\/uploads\\\/2025\\\/09\\\/Sentier-du-Calvaire-Megeve-3-1-680x330.jpg\",\"evolve-slider-thumbnail\":\"https:\\\/\\\/www.cafmeythet.org\\\/wp\\\/wp-content\\\/uploads\\\/2025\\\/09\\\/Sentier-du-Calvaire-Megeve-3-1-400x300.jpg\",\"evolve-tabs-img\":\"https:\\\/\\\/www.cafmeythet.org\\\/wp\\\/wp-content\\\/uploads\\\/2025\\\/09\\\/Sentier-du-Calvaire-Megeve-3-1-50x50.jpg\",\"evolve-testimonial-avatar\":\"https:\\\/\\\/www.cafmeythet.org\\\/wp\\\/wp-content\\\/uploads\\\/2025\\\/09\\\/Sentier-du-Calvaire-Megeve-3-1-80x80.jpg\",\"full\":\"https:\\\/\\\/www.cafmeythet.org\\\/wp\\\/wp-content\\\/uploads\\\/2025\\\/09\\\/Sentier-du-Calvaire-Megeve-3-1-scaled.jpg\",\"index\":2,\"id\":40576,\"video\":false,\"opts\":{\"caption\":\"\",\"thumb\":\"https:\\\/\\\/www.cafmeythet.org\\\/wp\\\/wp-content\\\/uploads\\\/2025\\\/09\\\/Sentier-du-Calvaire-Megeve-3-1-scaled-75x50_c.jpg\",\"title\":\"Sentier-du-Calvaire-Megeve-3-1\"},\"gallery_id\":\"40583\"},{\"status\":\"active\",\"src\":\"https:\\\/\\\/www.cafmeythet.org\\\/wp\\\/wp-content\\\/uploads\\\/2025\\\/09\\\/Sentier-du-Calvaire-Megeve-4-1-scaled.jpg\",\"title\":\"Sentier-du-Calvaire-Megeve-4-1\",\"link\":\"https:\\\/\\\/www.cafmeythet.org\\\/wp\\\/wp-content\\\/uploads\\\/2025\\\/09\\\/Sentier-du-Calvaire-Megeve-4-1-scaled.jpg\",\"alt\":\"\",\"caption\":false,\"thumb\":\"https:\\\/\\\/www.cafmeythet.org\\\/wp\\\/wp-content\\\/uploads\\\/2025\\\/09\\\/Sentier-du-Calvaire-Megeve-4-1-scaled-75x50_c.jpg\",\"meta\":{\"aperture\":\"1.8\",\"credit\":null,\"camera\":\"SM-A145R\",\"caption\":\"\",\"created_timestamp\":\"1758542164\",\"copyright\":null,\"focal_length\":\"3.98\",\"iso\":\"1000\",\"shutter_speed\":\"0.049\",\"title\":\"\",\"orientation\":\"1\",\"keywords\":null,\"resized_images\":null},\"thumbnail\":\"https:\\\/\\\/www.cafmeythet.org\\\/wp\\\/wp-content\\\/uploads\\\/2025\\\/09\\\/Sentier-du-Calvaire-Megeve-4-1-150x150.jpg\",\"medium\":\"https:\\\/\\\/www.cafmeythet.org\\\/wp\\\/wp-content\\\/uploads\\\/2025\\\/09\\\/Sentier-du-Calvaire-Megeve-4-1-113x250.jpg\",\"medium_large\":\"https:\\\/\\\/www.cafmeythet.org\\\/wp\\\/wp-content\\\/uploads\\\/2025\\\/09\\\/Sentier-du-Calvaire-Megeve-4-1-768x1707.jpg\",\"large\":\"https:\\\/\\\/www.cafmeythet.org\\\/wp\\\/wp-content\\\/uploads\\\/2025\\\/09\\\/Sentier-du-Calvaire-Megeve-4-1-461x1024.jpg\",\"1536x1536\":\"https:\\\/\\\/www.cafmeythet.org\\\/wp\\\/wp-content\\\/uploads\\\/2025\\\/09\\\/Sentier-du-Calvaire-Megeve-4-1-691x1536.jpg\",\"2048x2048\":\"https:\\\/\\\/www.cafmeythet.org\\\/wp\\\/wp-content\\\/uploads\\\/2025\\\/09\\\/Sentier-du-Calvaire-Megeve-4-1-922x2048.jpg\",\"post-thumbnail\":\"https:\\\/\\\/www.cafmeythet.org\\\/wp\\\/wp-content\\\/uploads\\\/2025\\\/09\\\/Sentier-du-Calvaire-Megeve-4-1-680x330.jpg\",\"evolve-post-thumbnail\":\"https:\\\/\\\/www.cafmeythet.org\\\/wp\\\/wp-content\\\/uploads\\\/2025\\\/09\\\/Sentier-du-Calvaire-Megeve-4-1-680x330.jpg\",\"evolve-slider-thumbnail\":\"https:\\\/\\\/www.cafmeythet.org\\\/wp\\\/wp-content\\\/uploads\\\/2025\\\/09\\\/Sentier-du-Calvaire-Megeve-4-1-400x300.jpg\",\"evolve-tabs-img\":\"https:\\\/\\\/www.cafmeythet.org\\\/wp\\\/wp-content\\\/uploads\\\/2025\\\/09\\\/Sentier-du-Calvaire-Megeve-4-1-50x50.jpg\",\"evolve-testimonial-avatar\":\"https:\\\/\\\/www.cafmeythet.org\\\/wp\\\/wp-content\\\/uploads\\\/2025\\\/09\\\/Sentier-du-Calvaire-Megeve-4-1-80x80.jpg\",\"full\":\"https:\\\/\\\/www.cafmeythet.org\\\/wp\\\/wp-content\\\/uploads\\\/2025\\\/09\\\/Sentier-du-Calvaire-Megeve-4-1-scaled.jpg\",\"index\":3,\"id\":40577,\"video\":false,\"opts\":{\"caption\":\"\",\"thumb\":\"https:\\\/\\\/www.cafmeythet.org\\\/wp\\\/wp-content\\\/uploads\\\/2025\\\/09\\\/Sentier-du-Calvaire-Megeve-4-1-scaled-75x50_c.jpg\",\"title\":\"Sentier-du-Calvaire-Megeve-4-1\"},\"gallery_id\":\"40583\"},{\"status\":\"active\",\"src\":\"https:\\\/\\\/www.cafmeythet.org\\\/wp\\\/wp-content\\\/uploads\\\/2025\\\/09\\\/Sentier-du-Calvaire-Megeve-5-1-scaled.jpg\",\"title\":\"Sentier-du-Calvaire-Megeve-5-1\",\"link\":\"https:\\\/\\\/www.cafmeythet.org\\\/wp\\\/wp-content\\\/uploads\\\/2025\\\/09\\\/Sentier-du-Calvaire-Megeve-5-1-scaled.jpg\",\"alt\":\"\",\"caption\":false,\"thumb\":\"https:\\\/\\\/www.cafmeythet.org\\\/wp\\\/wp-content\\\/uploads\\\/2025\\\/09\\\/Sentier-du-Calvaire-Megeve-5-1-scaled-75x50_c.jpg\",\"meta\":{\"aperture\":\"1.8\",\"credit\":null,\"camera\":\"SM-A145R\",\"caption\":\"\",\"created_timestamp\":\"1758542242\",\"copyright\":null,\"focal_length\":\"3.98\",\"iso\":\"1000\",\"shutter_speed\":\"0.049\",\"title\":\"\",\"orientation\":\"1\",\"keywords\":null,\"resized_images\":null},\"thumbnail\":\"https:\\\/\\\/www.cafmeythet.org\\\/wp\\\/wp-content\\\/uploads\\\/2025\\\/09\\\/Sentier-du-Calvaire-Megeve-5-1-150x150.jpg\",\"medium\":\"https:\\\/\\\/www.cafmeythet.org\\\/wp\\\/wp-content\\\/uploads\\\/2025\\\/09\\\/Sentier-du-Calvaire-Megeve-5-1-113x250.jpg\",\"medium_large\":\"https:\\\/\\\/www.cafmeythet.org\\\/wp\\\/wp-content\\\/uploads\\\/2025\\\/09\\\/Sentier-du-Calvaire-Megeve-5-1-768x1707.jpg\",\"large\":\"https:\\\/\\\/www.cafmeythet.org\\\/wp\\\/wp-content\\\/uploads\\\/2025\\\/09\\\/Sentier-du-Calvaire-Megeve-5-1-461x1024.jpg\",\"1536x1536\":\"https:\\\/\\\/www.cafmeythet.org\\\/wp\\\/wp-content\\\/uploads\\\/2025\\\/09\\\/Sentier-du-Calvaire-Megeve-5-1-691x1536.jpg\",\"2048x2048\":\"https:\\\/\\\/www.cafmeythet.org\\\/wp\\\/wp-content\\\/uploads\\\/2025\\\/09\\\/Sentier-du-Calvaire-Megeve-5-1-922x2048.jpg\",\"post-thumbnail\":\"https:\\\/\\\/www.cafmeythet.org\\\/wp\\\/wp-content\\\/uploads\\\/2025\\\/09\\\/Sentier-du-Calvaire-Megeve-5-1-680x330.jpg\",\"evolve-post-thumbnail\":\"https:\\\/\\\/www.cafmeythet.org\\\/wp\\\/wp-content\\\/uploads\\\/2025\\\/09\\\/Sentier-du-Calvaire-Megeve-5-1-680x330.jpg\",\"evolve-slider-thumbnail\":\"https:\\\/\\\/www.cafmeythet.org\\\/wp\\\/wp-content\\\/uploads\\\/2025\\\/09\\\/Sentier-du-Calvaire-Megeve-5-1-400x300.jpg\",\"evolve-tabs-img\":\"https:\\\/\\\/www.cafmeythet.org\\\/wp\\\/wp-content\\\/uploads\\\/2025\\\/09\\\/Sentier-du-Calvaire-Megeve-5-1-50x50.jpg\",\"evolve-testimonial-avatar\":\"https:\\\/\\\/www.cafmeythet.org\\\/wp\\\/wp-content\\\/uploads\\\/2025\\\/09\\\/Sentier-du-Calvaire-Megeve-5-1-80x80.jpg\",\"full\":\"https:\\\/\\\/www.cafmeythet.org\\\/wp\\\/wp-content\\\/uploads\\\/2025\\\/09\\\/Sentier-du-Calvaire-Megeve-5-1-scaled.jpg\",\"index\":4,\"id\":40578,\"video\":false,\"opts\":{\"caption\":\"\",\"thumb\":\"https:\\\/\\\/www.cafmeythet.org\\\/wp\\\/wp-content\\\/uploads\\\/2025\\\/09\\\/Sentier-du-Calvaire-Megeve-5-1-scaled-75x50_c.jpg\",\"title\":\"Sentier-du-Calvaire-Megeve-5-1\"},\"gallery_id\":\"40583\"},{\"status\":\"active\",\"src\":\"https:\\\/\\\/www.cafmeythet.org\\\/wp\\\/wp-content\\\/uploads\\\/2025\\\/09\\\/Sentier-du-Calvaire-Megeve-6-1.jpg\",\"title\":\"Sentier-du-Calvaire-Megeve-6-1\",\"link\":\"https:\\\/\\\/www.cafmeythet.org\\\/wp\\\/wp-content\\\/uploads\\\/2025\\\/09\\\/Sentier-du-Calvaire-Megeve-6-1.jpg\",\"alt\":\"\",\"caption\":false,\"thumb\":\"https:\\\/\\\/www.cafmeythet.org\\\/wp\\\/wp-content\\\/uploads\\\/2025\\\/09\\\/Sentier-du-Calvaire-Megeve-6-1-75x50_c.jpg\",\"meta\":{\"aperture\":null,\"credit\":null,\"camera\":null,\"caption\":\"\",\"created_timestamp\":null,\"copyright\":null,\"focal_length\":null,\"iso\":null,\"shutter_speed\":null,\"title\":\"\",\"orientation\":null,\"keywords\":null,\"resized_images\":null},\"thumbnail\":\"https:\\\/\\\/www.cafmeythet.org\\\/wp\\\/wp-content\\\/uploads\\\/2025\\\/09\\\/Sentier-du-Calvaire-Megeve-6-1-150x150.jpg\",\"medium\":\"https:\\\/\\\/www.cafmeythet.org\\\/wp\\\/wp-content\\\/uploads\\\/2025\\\/09\\\/Sentier-du-Calvaire-Megeve-6-1-187x250.jpg\",\"medium_large\":\"https:\\\/\\\/www.cafmeythet.org\\\/wp\\\/wp-content\\\/uploads\\\/2025\\\/09\\\/Sentier-du-Calvaire-Megeve-6-1.jpg\",\"large\":\"https:\\\/\\\/www.cafmeythet.org\\\/wp\\\/wp-content\\\/uploads\\\/2025\\\/09\\\/Sentier-du-Calvaire-Megeve-6-1.jpg\",\"1536x1536\":\"https:\\\/\\\/www.cafmeythet.org\\\/wp\\\/wp-content\\\/uploads\\\/2025\\\/09\\\/Sentier-du-Calvaire-Megeve-6-1.jpg\",\"2048x2048\":\"https:\\\/\\\/www.cafmeythet.org\\\/wp\\\/wp-content\\\/uploads\\\/2025\\\/09\\\/Sentier-du-Calvaire-Megeve-6-1.jpg\",\"post-thumbnail\":\"https:\\\/\\\/www.cafmeythet.org\\\/wp\\\/wp-content\\\/uploads\\\/2025\\\/09\\\/Sentier-du-Calvaire-Megeve-6-1-599x330.jpg\",\"evolve-post-thumbnail\":\"https:\\\/\\\/www.cafmeythet.org\\\/wp\\\/wp-content\\\/uploads\\\/2025\\\/09\\\/Sentier-du-Calvaire-Megeve-6-1-599x330.jpg\",\"evolve-slider-thumbnail\":\"https:\\\/\\\/www.cafmeythet.org\\\/wp\\\/wp-content\\\/uploads\\\/2025\\\/09\\\/Sentier-du-Calvaire-Megeve-6-1-400x300.jpg\",\"evolve-tabs-img\":\"https:\\\/\\\/www.cafmeythet.org\\\/wp\\\/wp-content\\\/uploads\\\/2025\\\/09\\\/Sentier-du-Calvaire-Megeve-6-1-50x50.jpg\",\"evolve-testimonial-avatar\":\"https:\\\/\\\/www.cafmeythet.org\\\/wp\\\/wp-content\\\/uploads\\\/2025\\\/09\\\/Sentier-du-Calvaire-Megeve-6-1-80x80.jpg\",\"full\":\"https:\\\/\\\/www.cafmeythet.org\\\/wp\\\/wp-content\\\/uploads\\\/2025\\\/09\\\/Sentier-du-Calvaire-Megeve-6-1.jpg\",\"index\":5,\"id\":40579,\"video\":false,\"opts\":{\"caption\":\"\",\"thumb\":\"https:\\\/\\\/www.cafmeythet.org\\\/wp\\\/wp-content\\\/uploads\\\/2025\\\/09\\\/Sentier-du-Calvaire-Megeve-6-1-75x50_c.jpg\",\"title\":\"Sentier-du-Calvaire-Megeve-6-1\"},\"gallery_id\":\"40583\"},{\"status\":\"active\",\"src\":\"https:\\\/\\\/www.cafmeythet.org\\\/wp\\\/wp-content\\\/uploads\\\/2025\\\/09\\\/Sentier-du-Calvaire-Megeve-7-1.jpg\",\"title\":\"Sentier-du-Calvaire-Megeve-7-1\",\"link\":\"https:\\\/\\\/www.cafmeythet.org\\\/wp\\\/wp-content\\\/uploads\\\/2025\\\/09\\\/Sentier-du-Calvaire-Megeve-7-1.jpg\",\"alt\":\"\",\"caption\":false,\"thumb\":\"https:\\\/\\\/www.cafmeythet.org\\\/wp\\\/wp-content\\\/uploads\\\/2025\\\/09\\\/Sentier-du-Calvaire-Megeve-7-1-75x50_c.jpg\",\"meta\":{\"aperture\":null,\"credit\":null,\"camera\":null,\"caption\":\"\",\"created_timestamp\":null,\"copyright\":null,\"focal_length\":null,\"iso\":null,\"shutter_speed\":null,\"title\":\"\",\"orientation\":null,\"keywords\":null,\"resized_images\":null},\"thumbnail\":\"https:\\\/\\\/www.cafmeythet.org\\\/wp\\\/wp-content\\\/uploads\\\/2025\\\/09\\\/Sentier-du-Calvaire-Megeve-7-1-150x150.jpg\",\"medium\":\"https:\\\/\\\/www.cafmeythet.org\\\/wp\\\/wp-content\\\/uploads\\\/2025\\\/09\\\/Sentier-du-Calvaire-Megeve-7-1-188x250.jpg\",\"medium_large\":\"https:\\\/\\\/www.cafmeythet.org\\\/wp\\\/wp-content\\\/uploads\\\/2025\\\/09\\\/Sentier-du-Calvaire-Megeve-7-1-768x1024.jpg\",\"large\":\"https:\\\/\\\/www.cafmeythet.org\\\/wp\\\/wp-content\\\/uploads\\\/2025\\\/09\\\/Sentier-du-Calvaire-Megeve-7-1-768x1024.jpg\",\"1536x1536\":\"https:\\\/\\\/www.cafmeythet.org\\\/wp\\\/wp-content\\\/uploads\\\/2025\\\/09\\\/Sentier-du-Calvaire-Megeve-7-1-1152x1536.jpg\",\"2048x2048\":\"https:\\\/\\\/www.cafmeythet.org\\\/wp\\\/wp-content\\\/uploads\\\/2025\\\/09\\\/Sentier-du-Calvaire-Megeve-7-1.jpg\",\"post-thumbnail\":\"https:\\\/\\\/www.cafmeythet.org\\\/wp\\\/wp-content\\\/uploads\\\/2025\\\/09\\\/Sentier-du-Calvaire-Megeve-7-1-680x330.jpg\",\"evolve-post-thumbnail\":\"https:\\\/\\\/www.cafmeythet.org\\\/wp\\\/wp-content\\\/uploads\\\/2025\\\/09\\\/Sentier-du-Calvaire-Megeve-7-1-680x330.jpg\",\"evolve-slider-thumbnail\":\"https:\\\/\\\/www.cafmeythet.org\\\/wp\\\/wp-content\\\/uploads\\\/2025\\\/09\\\/Sentier-du-Calvaire-Megeve-7-1-400x300.jpg\",\"evolve-tabs-img\":\"https:\\\/\\\/www.cafmeythet.org\\\/wp\\\/wp-content\\\/uploads\\\/2025\\\/09\\\/Sentier-du-Calvaire-Megeve-7-1-50x50.jpg\",\"evolve-testimonial-avatar\":\"https:\\\/\\\/www.cafmeythet.org\\\/wp\\\/wp-content\\\/uploads\\\/2025\\\/09\\\/Sentier-du-Calvaire-Megeve-7-1-80x80.jpg\",\"full\":\"https:\\\/\\\/www.cafmeythet.org\\\/wp\\\/wp-content\\\/uploads\\\/2025\\\/09\\\/Sentier-du-Calvaire-Megeve-7-1.jpg\",\"index\":6,\"id\":40580,\"video\":false,\"opts\":{\"caption\":\"\",\"thumb\":\"https:\\\/\\\/www.cafmeythet.org\\\/wp\\\/wp-content\\\/uploads\\\/2025\\\/09\\\/Sentier-du-Calvaire-Megeve-7-1-75x50_c.jpg\",\"title\":\"Sentier-du-Calvaire-Megeve-7-1\"},\"gallery_id\":\"40583\"},{\"status\":\"active\",\"src\":\"https:\\\/\\\/www.cafmeythet.org\\\/wp\\\/wp-content\\\/uploads\\\/2025\\\/09\\\/Sentier-du-Calvaire-Megeve-8-1.jpg\",\"title\":\"Sentier-du-Calvaire-Megeve-8-1\",\"link\":\"https:\\\/\\\/www.cafmeythet.org\\\/wp\\\/wp-content\\\/uploads\\\/2025\\\/09\\\/Sentier-du-Calvaire-Megeve-8-1.jpg\",\"alt\":\"\",\"caption\":false,\"thumb\":\"https:\\\/\\\/www.cafmeythet.org\\\/wp\\\/wp-content\\\/uploads\\\/2025\\\/09\\\/Sentier-du-Calvaire-Megeve-8-1-75x50_c.jpg\",\"meta\":{\"aperture\":null,\"credit\":null,\"camera\":null,\"caption\":\"\",\"created_timestamp\":null,\"copyright\":null,\"focal_length\":null,\"iso\":null,\"shutter_speed\":null,\"title\":\"\",\"orientation\":null,\"keywords\":null,\"resized_images\":null},\"thumbnail\":\"https:\\\/\\\/www.cafmeythet.org\\\/wp\\\/wp-content\\\/uploads\\\/2025\\\/09\\\/Sentier-du-Calvaire-Megeve-8-1-150x150.jpg\",\"medium\":\"https:\\\/\\\/www.cafmeythet.org\\\/wp\\\/wp-content\\\/uploads\\\/2025\\\/09\\\/Sentier-du-Calvaire-Megeve-8-1-188x250.jpg\",\"medium_large\":\"https:\\\/\\\/www.cafmeythet.org\\\/wp\\\/wp-content\\\/uploads\\\/2025\\\/09\\\/Sentier-du-Calvaire-Megeve-8-1-768x1024.jpg\",\"large\":\"https:\\\/\\\/www.cafmeythet.org\\\/wp\\\/wp-content\\\/uploads\\\/2025\\\/09\\\/Sentier-du-Calvaire-Megeve-8-1-768x1024.jpg\",\"1536x1536\":\"https:\\\/\\\/www.cafmeythet.org\\\/wp\\\/wp-content\\\/uploads\\\/2025\\\/09\\\/Sentier-du-Calvaire-Megeve-8-1-1152x1536.jpg\",\"2048x2048\":\"https:\\\/\\\/www.cafmeythet.org\\\/wp\\\/wp-content\\\/uploads\\\/2025\\\/09\\\/Sentier-du-Calvaire-Megeve-8-1.jpg\",\"post-thumbnail\":\"https:\\\/\\\/www.cafmeythet.org\\\/wp\\\/wp-content\\\/uploads\\\/2025\\\/09\\\/Sentier-du-Calvaire-Megeve-8-1-680x330.jpg\",\"evolve-post-thumbnail\":\"https:\\\/\\\/www.cafmeythet.org\\\/wp\\\/wp-content\\\/uploads\\\/2025\\\/09\\\/Sentier-du-Calvaire-Megeve-8-1-680x330.jpg\",\"evolve-slider-thumbnail\":\"https:\\\/\\\/www.cafmeythet.org\\\/wp\\\/wp-content\\\/uploads\\\/2025\\\/09\\\/Sentier-du-Calvaire-Megeve-8-1-400x300.jpg\",\"evolve-tabs-img\":\"https:\\\/\\\/www.cafmeythet.org\\\/wp\\\/wp-content\\\/uploads\\\/2025\\\/09\\\/Sentier-du-Calvaire-Megeve-8-1-50x50.jpg\",\"evolve-testimonial-avatar\":\"https:\\\/\\\/www.cafmeythet.org\\\/wp\\\/wp-content\\\/uploads\\\/2025\\\/09\\\/Sentier-du-Calvaire-Megeve-8-1-80x80.jpg\",\"full\":\"https:\\\/\\\/www.cafmeythet.org\\\/wp\\\/wp-content\\\/uploads\\\/2025\\\/09\\\/Sentier-du-Calvaire-Megeve-8-1.jpg\",\"index\":7,\"id\":40581,\"video\":false,\"opts\":{\"caption\":\"\",\"thumb\":\"https:\\\/\\\/www.cafmeythet.org\\\/wp\\\/wp-content\\\/uploads\\\/2025\\\/09\\\/Sentier-du-Calvaire-Megeve-8-1-75x50_c.jpg\",\"title\":\"Sentier-du-Calvaire-Megeve-8-1\"},\"gallery_id\":\"40583\"},{\"status\":\"active\",\"src\":\"https:\\\/\\\/www.cafmeythet.org\\\/wp\\\/wp-content\\\/uploads\\\/2025\\\/09\\\/Sentier-du-Calvaire-Megeve-9-1.jpg\",\"title\":\"Sentier-du-Calvaire-Megeve-9-1\",\"link\":\"https:\\\/\\\/www.cafmeythet.org\\\/wp\\\/wp-content\\\/uploads\\\/2025\\\/09\\\/Sentier-du-Calvaire-Megeve-9-1.jpg\",\"alt\":\"\",\"caption\":false,\"thumb\":\"https:\\\/\\\/www.cafmeythet.org\\\/wp\\\/wp-content\\\/uploads\\\/2025\\\/09\\\/Sentier-du-Calvaire-Megeve-9-1-75x50_c.jpg\",\"meta\":{\"aperture\":null,\"credit\":null,\"camera\":null,\"caption\":\"\",\"created_timestamp\":null,\"copyright\":null,\"focal_length\":null,\"iso\":null,\"shutter_speed\":null,\"title\":\"\",\"orientation\":null,\"keywords\":null,\"resized_images\":null},\"thumbnail\":\"https:\\\/\\\/www.cafmeythet.org\\\/wp\\\/wp-content\\\/uploads\\\/2025\\\/09\\\/Sentier-du-Calvaire-Megeve-9-1-150x150.jpg\",\"medium\":\"https:\\\/\\\/www.cafmeythet.org\\\/wp\\\/wp-content\\\/uploads\\\/2025\\\/09\\\/Sentier-du-Calvaire-Megeve-9-1-333x250.jpg\",\"medium_large\":\"https:\\\/\\\/www.cafmeythet.org\\\/wp\\\/wp-content\\\/uploads\\\/2025\\\/09\\\/Sentier-du-Calvaire-Megeve-9-1-768x576.jpg\",\"large\":\"https:\\\/\\\/www.cafmeythet.org\\\/wp\\\/wp-content\\\/uploads\\\/2025\\\/09\\\/Sentier-du-Calvaire-Megeve-9-1-1024x768.jpg\",\"1536x1536\":\"https:\\\/\\\/www.cafmeythet.org\\\/wp\\\/wp-content\\\/uploads\\\/2025\\\/09\\\/Sentier-du-Calvaire-Megeve-9-1-1536x1152.jpg\",\"2048x2048\":\"https:\\\/\\\/www.cafmeythet.org\\\/wp\\\/wp-content\\\/uploads\\\/2025\\\/09\\\/Sentier-du-Calvaire-Megeve-9-1.jpg\",\"post-thumbnail\":\"https:\\\/\\\/www.cafmeythet.org\\\/wp\\\/wp-content\\\/uploads\\\/2025\\\/09\\\/Sentier-du-Calvaire-Megeve-9-1-680x330.jpg\",\"evolve-post-thumbnail\":\"https:\\\/\\\/www.cafmeythet.org\\\/wp\\\/wp-content\\\/uploads\\\/2025\\\/09\\\/Sentier-du-Calvaire-Megeve-9-1-680x330.jpg\",\"evolve-slider-thumbnail\":\"https:\\\/\\\/www.cafmeythet.org\\\/wp\\\/wp-content\\\/uploads\\\/2025\\\/09\\\/Sentier-du-Calvaire-Megeve-9-1-400x300.jpg\",\"evolve-tabs-img\":\"https:\\\/\\\/www.cafmeythet.org\\\/wp\\\/wp-content\\\/uploads\\\/2025\\\/09\\\/Sentier-du-Calvaire-Megeve-9-1-50x50.jpg\",\"evolve-testimonial-avatar\":\"https:\\\/\\\/www.cafmeythet.org\\\/wp\\\/wp-content\\\/uploads\\\/2025\\\/09\\\/Sentier-du-Calvaire-Megeve-9-1-80x80.jpg\",\"full\":\"https:\\\/\\\/www.cafmeythet.org\\\/wp\\\/wp-content\\\/uploads\\\/2025\\\/09\\\/Sentier-du-Calvaire-Megeve-9-1.jpg\",\"index\":8,\"id\":40582,\"video\":false,\"opts\":{\"caption\":\"\",\"thumb\":\"https:\\\/\\\/www.cafmeythet.org\\\/wp\\\/wp-content\\\/uploads\\\/2025\\\/09\\\/Sentier-du-Calvaire-Megeve-9-1-75x50_c.jpg\",\"title\":\"Sentier-du-Calvaire-Megeve-9-1\"},\"gallery_id\":\"40583\"}]' data-lightbox-theme='{&quot;arrows&quot;:true,&quot;margins&quot;:[120,0],&quot;gutter&quot;:&quot;100&quot;,&quot;thumbs_position&quot;:&quot;bottom&quot;,&quot;base_template&quot;:&quot;&lt;div id=\\&quot;envirabox-40583\\&quot; data-envirabox-id=\\&quot;40583\\&quot; class=\\&quot;envirabox-container envirabox-theme-base_dark envirabox-wrap\\&quot; role=\\&quot;dialog\\&quot;&gt;&lt;div class=\\&quot;envirabox-bg\\&quot;&gt;&lt;\\\/div&gt;&lt;div class=\\&quot;envirabox-outer\\&quot;&gt;&lt;div class=\\&quot;envirabox-inner\\&quot;&gt;&lt;div class=\\&quot;envirabox-caption-wrap\\&quot;&gt;&lt;div class=\\&quot;envirabox-title\\&quot;&gt;&lt;\\\/div&gt;&lt;\\\/div&gt;&lt;div class=\\&quot;envirabox-toolbar\\&quot;&gt;&lt;div class=\\&quot;envira-close-button\\&quot;&gt;&lt;a data-envirabox-close class=\\&quot;envirabox-item envirabox-close envirabox-button--close\\&quot; title=\\&quot;Close\\&quot; href=\\&quot;#\\&quot;&gt;&lt;\\\/a&gt;&lt;\\\/div&gt;&lt;\\\/div&gt;&lt;div class=\\&quot;envirabox-navigation\\&quot;&gt;&lt;a data-envirabox-prev title=\\&quot;Prev\\&quot; class=\\&quot;envirabox-arrow envirabox-arrow--left envirabox-nav envirabox-prev\\&quot; href=\\&quot;#\\&quot;&gt;&lt;span&gt;&lt;\\\/span&gt;&lt;\\\/a&gt;&lt;a data-envirabox-next title=\\&quot;Next\\&quot; class=\\&quot;envirabox-arrow envirabox-arrow--right envirabox-nav envirabox-next\\&quot; href=\\&quot;#\\&quot;&gt;&lt;span&gt;&lt;\\\/span&gt;&lt;\\\/a&gt;&lt;\\\/div&gt;&lt;div class=\\&quot;envirabox-stage\\&quot;&gt;&lt;\\\/div&gt;&lt;\\\/div&gt;&lt;\\\/div&gt;&lt;\\\/div&gt;&quot;,&quot;load_all&quot;:false,&quot;error_template&quot;:&quot;&lt;div class=\\&quot;envirabox-error\\&quot;&gt;&lt;p&gt;{{ERROR}}&lt;p&gt;&lt;\\\/div&gt;&quot;,&quot;inner_caption&quot;:false,&quot;caption_position&quot;:false,&quot;arrow_position&quot;:false,&quot;toolbar&quot;:true,&quot;infobar&quot;:false,&quot;show_smallbtn&quot;:false,&quot;idle_time&quot;:false,&quot;click_content&quot;:false,&quot;click_slide&quot;:false,&quot;click_outside&quot;:false,&quot;animation_duration&quot;:false,&quot;transition_duration&quot;:false,&quot;small_btn_template&quot;:&quot;&lt;a data-envirabox-close class=\\&quot;envirabox-item envirabox-close envirabox-button--close\\&quot; title=\\&quot;Close\\&quot; href=\\&quot;#\\&quot;&gt;&lt;\\\/a&gt;&quot;}' data-parsed-attrs='{\"id\":\"40583\",\"cache\":true}'><div id=\"envira-gallery-item-40574\" class=\"envira-gallery-item envira-gallery-item-1 envira-lazy-load\" style=\"padding-left: 1px; padding-bottom: 1px; padding-right: 1px;\"  itemscope itemtype=\"https:\/\/schema.org\/ImageObject\"><div class=\"envira-gallery-item-inner\"><div class=\"envira-gallery-position-overlay envira-gallery-top-left\"><\/div><div class=\"envira-gallery-position-overlay envira-gallery-top-right\"><\/div><div class=\"envira-gallery-position-overlay envira-gallery-bottom-left\"><\/div><div class=\"envira-gallery-position-overlay envira-gallery-bottom-right\"><\/div><a class=\"envira-gallery-40583 envira-gallery-link\" href=\"https:\/\/www.cafmeythet.org\/wp\/wp-content\/uploads\/2025\/09\/Sentier-du-Calvaire-Megeve-1-1-scaled.jpg\" title=\"Sentier-du-Calvaire-Megeve-1-1\" data-caption=\"\" data-envira-item-id=\"40574\" data-envira-retina=\"https:\/\/www.cafmeythet.org\/wp\/wp-content\/uploads\/2025\/09\/Sentier-du-Calvaire-Megeve-1-1-scaled.jpg\" data-thumb=\"https:\/\/www.cafmeythet.org\/wp\/wp-content\/uploads\/2025\/09\/Sentier-du-Calvaire-Megeve-1-1-scaled-75x50_c.jpg\" data-title=\"Sentier-du-Calvaire-Megeve-1-1\" data-envirabox='40583' itemprop=\"contentUrl\"><img loading=\"lazy\" decoding=\"async\" src=\"https:\/\/www.cafmeythet.org\/wp\/wp-content\/uploads\/2025\/09\/Sentier-du-Calvaire-Megeve-1-1-461x1024.jpg\" alt=\"\" class=\"envira-gallery-image envira-gallery-image-1    envira-lazy\" height=\"480\" id=\"envira-gallery-image-40574\" srcset=\"data:image\/gif;base64,R0lGODlhAQABAIAAAP\/\/\/\/\/\/\/yH5BAEKAAEALAAAAAABAAEAAAICTAEAOw==\" tabindex=\"-1\" title=\"Sentier-du-Calvaire-Megeve-1-1\" width=\"640\" data-caption=\"\" data-envira-gallery-id=\"40583\" data-envira-index=\"0\" data-envira-item-id=\"40574\" data-envira-src=\"https:\/\/www.cafmeythet.org\/wp\/wp-content\/uploads\/2025\/09\/Sentier-du-Calvaire-Megeve-1-1-461x1024.jpg\" data-envira-srcset=\"https:\/\/www.cafmeythet.org\/wp\/wp-content\/uploads\/2025\/09\/Sentier-du-Calvaire-Megeve-1-1-461x1024.jpg 400w, https:\/\/www.cafmeythet.org\/wp\/wp-content\/uploads\/2025\/09\/Sentier-du-Calvaire-Megeve-1-1-461x1024.jpg 2x\" data-title=\"Sentier-du-Calvaire-Megeve-1-1\" itemprop=\"thumbnailUrl\"  data-envirabox=\"40583\" data-automatic-caption=\"Sentier-du-Calvaire-Megeve-1-1\" data-envira-height=\"250\" data-envira-width=\"113\" \/><\/a><\/div><\/div><div id=\"envira-gallery-item-40575\" class=\"envira-gallery-item envira-gallery-item-2 envira-lazy-load\" style=\"padding-left: 1px; padding-bottom: 1px; padding-right: 1px;\"  itemscope itemtype=\"https:\/\/schema.org\/ImageObject\"><div class=\"envira-gallery-item-inner\"><div class=\"envira-gallery-position-overlay envira-gallery-top-left\"><\/div><div class=\"envira-gallery-position-overlay envira-gallery-top-right\"><\/div><div class=\"envira-gallery-position-overlay envira-gallery-bottom-left\"><\/div><div class=\"envira-gallery-position-overlay envira-gallery-bottom-right\"><\/div><a class=\"envira-gallery-40583 envira-gallery-link\" href=\"https:\/\/www.cafmeythet.org\/wp\/wp-content\/uploads\/2025\/09\/Sentier-du-Calvaire-Megeve-2-1-scaled.jpg\" title=\"Sentier-du-Calvaire-Megeve-2-1\" data-caption=\"\" data-envira-item-id=\"40575\" data-envira-retina=\"https:\/\/www.cafmeythet.org\/wp\/wp-content\/uploads\/2025\/09\/Sentier-du-Calvaire-Megeve-2-1-scaled.jpg\" data-thumb=\"https:\/\/www.cafmeythet.org\/wp\/wp-content\/uploads\/2025\/09\/Sentier-du-Calvaire-Megeve-2-1-scaled-75x50_c.jpg\" data-title=\"Sentier-du-Calvaire-Megeve-2-1\" data-envirabox='40583' itemprop=\"contentUrl\"><img loading=\"lazy\" decoding=\"async\" src=\"https:\/\/www.cafmeythet.org\/wp\/wp-content\/uploads\/2025\/09\/Sentier-du-Calvaire-Megeve-2-1-1024x461.jpg\" alt=\"\" class=\"envira-gallery-image envira-gallery-image-2    envira-lazy\" height=\"480\" id=\"envira-gallery-image-40575\" srcset=\"data:image\/gif;base64,R0lGODlhAQABAIAAAP\/\/\/\/\/\/\/yH5BAEKAAEALAAAAAABAAEAAAICTAEAOw==\" tabindex=\"-1\" title=\"Sentier-du-Calvaire-Megeve-2-1\" width=\"640\" data-caption=\"\" data-envira-gallery-id=\"40583\" data-envira-index=\"1\" data-envira-item-id=\"40575\" data-envira-src=\"https:\/\/www.cafmeythet.org\/wp\/wp-content\/uploads\/2025\/09\/Sentier-du-Calvaire-Megeve-2-1-1024x461.jpg\" data-envira-srcset=\"https:\/\/www.cafmeythet.org\/wp\/wp-content\/uploads\/2025\/09\/Sentier-du-Calvaire-Megeve-2-1-1024x461.jpg 400w, https:\/\/www.cafmeythet.org\/wp\/wp-content\/uploads\/2025\/09\/Sentier-du-Calvaire-Megeve-2-1-1024x461.jpg 2x\" data-title=\"Sentier-du-Calvaire-Megeve-2-1\" itemprop=\"thumbnailUrl\"  data-envirabox=\"40583\" data-automatic-caption=\"Sentier-du-Calvaire-Megeve-2-1\" data-envira-height=\"150\" data-envira-width=\"333\" \/><\/a><\/div><\/div><div id=\"envira-gallery-item-40576\" class=\"envira-gallery-item envira-gallery-item-3 envira-lazy-load\" style=\"padding-left: 1px; padding-bottom: 1px; padding-right: 1px;\"  itemscope itemtype=\"https:\/\/schema.org\/ImageObject\"><div class=\"envira-gallery-item-inner\"><div class=\"envira-gallery-position-overlay envira-gallery-top-left\"><\/div><div class=\"envira-gallery-position-overlay envira-gallery-top-right\"><\/div><div class=\"envira-gallery-position-overlay envira-gallery-bottom-left\"><\/div><div class=\"envira-gallery-position-overlay envira-gallery-bottom-right\"><\/div><a class=\"envira-gallery-40583 envira-gallery-link\" href=\"https:\/\/www.cafmeythet.org\/wp\/wp-content\/uploads\/2025\/09\/Sentier-du-Calvaire-Megeve-3-1-scaled.jpg\" title=\"Sentier-du-Calvaire-Megeve-3-1\" data-caption=\"\" data-envira-item-id=\"40576\" data-envira-retina=\"https:\/\/www.cafmeythet.org\/wp\/wp-content\/uploads\/2025\/09\/Sentier-du-Calvaire-Megeve-3-1-scaled.jpg\" data-thumb=\"https:\/\/www.cafmeythet.org\/wp\/wp-content\/uploads\/2025\/09\/Sentier-du-Calvaire-Megeve-3-1-scaled-75x50_c.jpg\" data-title=\"Sentier-du-Calvaire-Megeve-3-1\" data-envirabox='40583' itemprop=\"contentUrl\"><img loading=\"lazy\" decoding=\"async\" src=\"https:\/\/www.cafmeythet.org\/wp\/wp-content\/uploads\/2025\/09\/Sentier-du-Calvaire-Megeve-3-1-1024x461.jpg\" alt=\"\" class=\"envira-gallery-image envira-gallery-image-3    envira-lazy\" height=\"480\" id=\"envira-gallery-image-40576\" srcset=\"data:image\/gif;base64,R0lGODlhAQABAIAAAP\/\/\/\/\/\/\/yH5BAEKAAEALAAAAAABAAEAAAICTAEAOw==\" tabindex=\"-1\" title=\"Sentier-du-Calvaire-Megeve-3-1\" width=\"640\" data-caption=\"\" data-envira-gallery-id=\"40583\" data-envira-index=\"2\" data-envira-item-id=\"40576\" data-envira-src=\"https:\/\/www.cafmeythet.org\/wp\/wp-content\/uploads\/2025\/09\/Sentier-du-Calvaire-Megeve-3-1-1024x461.jpg\" data-envira-srcset=\"https:\/\/www.cafmeythet.org\/wp\/wp-content\/uploads\/2025\/09\/Sentier-du-Calvaire-Megeve-3-1-1024x461.jpg 400w, https:\/\/www.cafmeythet.org\/wp\/wp-content\/uploads\/2025\/09\/Sentier-du-Calvaire-Megeve-3-1-1024x461.jpg 2x\" data-title=\"Sentier-du-Calvaire-Megeve-3-1\" itemprop=\"thumbnailUrl\"  data-envirabox=\"40583\" data-automatic-caption=\"Sentier-du-Calvaire-Megeve-3-1\" data-envira-height=\"150\" data-envira-width=\"333\" \/><\/a><\/div><\/div><div id=\"envira-gallery-item-40577\" class=\"envira-gallery-item envira-gallery-item-4 envira-lazy-load\" style=\"padding-left: 1px; padding-bottom: 1px; padding-right: 1px;\"  itemscope itemtype=\"https:\/\/schema.org\/ImageObject\"><div class=\"envira-gallery-item-inner\"><div class=\"envira-gallery-position-overlay envira-gallery-top-left\"><\/div><div class=\"envira-gallery-position-overlay envira-gallery-top-right\"><\/div><div class=\"envira-gallery-position-overlay envira-gallery-bottom-left\"><\/div><div class=\"envira-gallery-position-overlay envira-gallery-bottom-right\"><\/div><a class=\"envira-gallery-40583 envira-gallery-link\" href=\"https:\/\/www.cafmeythet.org\/wp\/wp-content\/uploads\/2025\/09\/Sentier-du-Calvaire-Megeve-4-1-scaled.jpg\" title=\"Sentier-du-Calvaire-Megeve-4-1\" data-caption=\"\" data-envira-item-id=\"40577\" data-envira-retina=\"https:\/\/www.cafmeythet.org\/wp\/wp-content\/uploads\/2025\/09\/Sentier-du-Calvaire-Megeve-4-1-scaled.jpg\" data-thumb=\"https:\/\/www.cafmeythet.org\/wp\/wp-content\/uploads\/2025\/09\/Sentier-du-Calvaire-Megeve-4-1-scaled-75x50_c.jpg\" data-title=\"Sentier-du-Calvaire-Megeve-4-1\" data-envirabox='40583' itemprop=\"contentUrl\"><img loading=\"lazy\" decoding=\"async\" src=\"https:\/\/www.cafmeythet.org\/wp\/wp-content\/uploads\/2025\/09\/Sentier-du-Calvaire-Megeve-4-1-461x1024.jpg\" alt=\"\" class=\"envira-gallery-image envira-gallery-image-4    envira-lazy\" height=\"480\" id=\"envira-gallery-image-40577\" srcset=\"data:image\/gif;base64,R0lGODlhAQABAIAAAP\/\/\/\/\/\/\/yH5BAEKAAEALAAAAAABAAEAAAICTAEAOw==\" tabindex=\"-1\" title=\"Sentier-du-Calvaire-Megeve-4-1\" width=\"640\" data-caption=\"\" data-envira-gallery-id=\"40583\" data-envira-index=\"3\" data-envira-item-id=\"40577\" data-envira-src=\"https:\/\/www.cafmeythet.org\/wp\/wp-content\/uploads\/2025\/09\/Sentier-du-Calvaire-Megeve-4-1-461x1024.jpg\" data-envira-srcset=\"https:\/\/www.cafmeythet.org\/wp\/wp-content\/uploads\/2025\/09\/Sentier-du-Calvaire-Megeve-4-1-461x1024.jpg 400w, https:\/\/www.cafmeythet.org\/wp\/wp-content\/uploads\/2025\/09\/Sentier-du-Calvaire-Megeve-4-1-461x1024.jpg 2x\" data-title=\"Sentier-du-Calvaire-Megeve-4-1\" itemprop=\"thumbnailUrl\"  data-envirabox=\"40583\" data-automatic-caption=\"Sentier-du-Calvaire-Megeve-4-1\" data-envira-height=\"250\" data-envira-width=\"113\" \/><\/a><\/div><\/div><div id=\"envira-gallery-item-40578\" class=\"envira-gallery-item envira-gallery-item-5 envira-lazy-load\" style=\"padding-left: 1px; padding-bottom: 1px; padding-right: 1px;\"  itemscope itemtype=\"https:\/\/schema.org\/ImageObject\"><div class=\"envira-gallery-item-inner\"><div class=\"envira-gallery-position-overlay envira-gallery-top-left\"><\/div><div class=\"envira-gallery-position-overlay envira-gallery-top-right\"><\/div><div class=\"envira-gallery-position-overlay envira-gallery-bottom-left\"><\/div><div class=\"envira-gallery-position-overlay envira-gallery-bottom-right\"><\/div><a class=\"envira-gallery-40583 envira-gallery-link\" href=\"https:\/\/www.cafmeythet.org\/wp\/wp-content\/uploads\/2025\/09\/Sentier-du-Calvaire-Megeve-5-1-scaled.jpg\" title=\"Sentier-du-Calvaire-Megeve-5-1\" data-caption=\"\" data-envira-item-id=\"40578\" data-envira-retina=\"https:\/\/www.cafmeythet.org\/wp\/wp-content\/uploads\/2025\/09\/Sentier-du-Calvaire-Megeve-5-1-scaled.jpg\" data-thumb=\"https:\/\/www.cafmeythet.org\/wp\/wp-content\/uploads\/2025\/09\/Sentier-du-Calvaire-Megeve-5-1-scaled-75x50_c.jpg\" data-title=\"Sentier-du-Calvaire-Megeve-5-1\" data-envirabox='40583' itemprop=\"contentUrl\"><img loading=\"lazy\" decoding=\"async\" src=\"https:\/\/www.cafmeythet.org\/wp\/wp-content\/uploads\/2025\/09\/Sentier-du-Calvaire-Megeve-5-1-461x1024.jpg\" alt=\"\" class=\"envira-gallery-image envira-gallery-image-5    envira-lazy\" height=\"480\" id=\"envira-gallery-image-40578\" srcset=\"data:image\/gif;base64,R0lGODlhAQABAIAAAP\/\/\/\/\/\/\/yH5BAEKAAEALAAAAAABAAEAAAICTAEAOw==\" tabindex=\"-1\" title=\"Sentier-du-Calvaire-Megeve-5-1\" width=\"640\" data-caption=\"\" data-envira-gallery-id=\"40583\" data-envira-index=\"4\" data-envira-item-id=\"40578\" data-envira-src=\"https:\/\/www.cafmeythet.org\/wp\/wp-content\/uploads\/2025\/09\/Sentier-du-Calvaire-Megeve-5-1-461x1024.jpg\" data-envira-srcset=\"https:\/\/www.cafmeythet.org\/wp\/wp-content\/uploads\/2025\/09\/Sentier-du-Calvaire-Megeve-5-1-461x1024.jpg 400w, https:\/\/www.cafmeythet.org\/wp\/wp-content\/uploads\/2025\/09\/Sentier-du-Calvaire-Megeve-5-1-461x1024.jpg 2x\" data-title=\"Sentier-du-Calvaire-Megeve-5-1\" itemprop=\"thumbnailUrl\"  data-envirabox=\"40583\" data-automatic-caption=\"Sentier-du-Calvaire-Megeve-5-1\" data-envira-height=\"250\" data-envira-width=\"113\" \/><\/a><\/div><\/div><div id=\"envira-gallery-item-40579\" class=\"envira-gallery-item envira-gallery-item-6 envira-lazy-load\" style=\"padding-left: 1px; padding-bottom: 1px; padding-right: 1px;\"  itemscope itemtype=\"https:\/\/schema.org\/ImageObject\"><div class=\"envira-gallery-item-inner\"><div class=\"envira-gallery-position-overlay envira-gallery-top-left\"><\/div><div class=\"envira-gallery-position-overlay envira-gallery-top-right\"><\/div><div class=\"envira-gallery-position-overlay envira-gallery-bottom-left\"><\/div><div class=\"envira-gallery-position-overlay envira-gallery-bottom-right\"><\/div><a class=\"envira-gallery-40583 envira-gallery-link\" href=\"https:\/\/www.cafmeythet.org\/wp\/wp-content\/uploads\/2025\/09\/Sentier-du-Calvaire-Megeve-6-1.jpg\" title=\"Sentier-du-Calvaire-Megeve-6-1\" data-caption=\"\" data-envira-item-id=\"40579\" data-envira-retina=\"https:\/\/www.cafmeythet.org\/wp\/wp-content\/uploads\/2025\/09\/Sentier-du-Calvaire-Megeve-6-1.jpg\" data-thumb=\"https:\/\/www.cafmeythet.org\/wp\/wp-content\/uploads\/2025\/09\/Sentier-du-Calvaire-Megeve-6-1-75x50_c.jpg\" data-title=\"Sentier-du-Calvaire-Megeve-6-1\" data-envirabox='40583' itemprop=\"contentUrl\"><img loading=\"lazy\" decoding=\"async\" src=\"https:\/\/www.cafmeythet.org\/wp\/wp-content\/uploads\/2025\/09\/Sentier-du-Calvaire-Megeve-6-1.jpg\" alt=\"\" class=\"envira-gallery-image envira-gallery-image-6    envira-lazy\" height=\"480\" id=\"envira-gallery-image-40579\" srcset=\"data:image\/gif;base64,R0lGODlhAQABAIAAAP\/\/\/\/\/\/\/yH5BAEKAAEALAAAAAABAAEAAAICTAEAOw==\" tabindex=\"-1\" title=\"Sentier-du-Calvaire-Megeve-6-1\" width=\"640\" data-caption=\"\" data-envira-gallery-id=\"40583\" data-envira-index=\"5\" data-envira-item-id=\"40579\" data-envira-src=\"https:\/\/www.cafmeythet.org\/wp\/wp-content\/uploads\/2025\/09\/Sentier-du-Calvaire-Megeve-6-1.jpg\" data-envira-srcset=\"https:\/\/www.cafmeythet.org\/wp\/wp-content\/uploads\/2025\/09\/Sentier-du-Calvaire-Megeve-6-1.jpg 400w, https:\/\/www.cafmeythet.org\/wp\/wp-content\/uploads\/2025\/09\/Sentier-du-Calvaire-Megeve-6-1.jpg 2x\" data-title=\"Sentier-du-Calvaire-Megeve-6-1\" itemprop=\"thumbnailUrl\"  data-envirabox=\"40583\" data-automatic-caption=\"Sentier-du-Calvaire-Megeve-6-1\" data-envira-height=\"250\" data-envira-width=\"187\" \/><\/a><\/div><\/div><div id=\"envira-gallery-item-40580\" class=\"envira-gallery-item envira-gallery-item-7 envira-lazy-load\" style=\"padding-left: 1px; padding-bottom: 1px; padding-right: 1px;\"  itemscope itemtype=\"https:\/\/schema.org\/ImageObject\"><div class=\"envira-gallery-item-inner\"><div class=\"envira-gallery-position-overlay envira-gallery-top-left\"><\/div><div class=\"envira-gallery-position-overlay envira-gallery-top-right\"><\/div><div class=\"envira-gallery-position-overlay envira-gallery-bottom-left\"><\/div><div class=\"envira-gallery-position-overlay envira-gallery-bottom-right\"><\/div><a class=\"envira-gallery-40583 envira-gallery-link\" href=\"https:\/\/www.cafmeythet.org\/wp\/wp-content\/uploads\/2025\/09\/Sentier-du-Calvaire-Megeve-7-1.jpg\" title=\"Sentier-du-Calvaire-Megeve-7-1\" data-caption=\"\" data-envira-item-id=\"40580\" data-envira-retina=\"https:\/\/www.cafmeythet.org\/wp\/wp-content\/uploads\/2025\/09\/Sentier-du-Calvaire-Megeve-7-1.jpg\" data-thumb=\"https:\/\/www.cafmeythet.org\/wp\/wp-content\/uploads\/2025\/09\/Sentier-du-Calvaire-Megeve-7-1-75x50_c.jpg\" data-title=\"Sentier-du-Calvaire-Megeve-7-1\" data-envirabox='40583' itemprop=\"contentUrl\"><img loading=\"lazy\" decoding=\"async\" src=\"https:\/\/www.cafmeythet.org\/wp\/wp-content\/uploads\/2025\/09\/Sentier-du-Calvaire-Megeve-7-1-768x1024.jpg\" alt=\"\" class=\"envira-gallery-image envira-gallery-image-7    envira-lazy\" height=\"480\" id=\"envira-gallery-image-40580\" srcset=\"data:image\/gif;base64,R0lGODlhAQABAIAAAP\/\/\/\/\/\/\/yH5BAEKAAEALAAAAAABAAEAAAICTAEAOw==\" tabindex=\"-1\" title=\"Sentier-du-Calvaire-Megeve-7-1\" width=\"640\" data-caption=\"\" data-envira-gallery-id=\"40583\" data-envira-index=\"6\" data-envira-item-id=\"40580\" data-envira-src=\"https:\/\/www.cafmeythet.org\/wp\/wp-content\/uploads\/2025\/09\/Sentier-du-Calvaire-Megeve-7-1-768x1024.jpg\" data-envira-srcset=\"https:\/\/www.cafmeythet.org\/wp\/wp-content\/uploads\/2025\/09\/Sentier-du-Calvaire-Megeve-7-1-768x1024.jpg 400w, https:\/\/www.cafmeythet.org\/wp\/wp-content\/uploads\/2025\/09\/Sentier-du-Calvaire-Megeve-7-1-768x1024.jpg 2x\" data-title=\"Sentier-du-Calvaire-Megeve-7-1\" itemprop=\"thumbnailUrl\"  data-envirabox=\"40583\" data-automatic-caption=\"Sentier-du-Calvaire-Megeve-7-1\" data-envira-height=\"250\" data-envira-width=\"188\" \/><\/a><\/div><\/div><div id=\"envira-gallery-item-40581\" class=\"envira-gallery-item envira-gallery-item-8 envira-lazy-load\" style=\"padding-left: 1px; padding-bottom: 1px; padding-right: 1px;\"  itemscope itemtype=\"https:\/\/schema.org\/ImageObject\"><div class=\"envira-gallery-item-inner\"><div class=\"envira-gallery-position-overlay envira-gallery-top-left\"><\/div><div class=\"envira-gallery-position-overlay envira-gallery-top-right\"><\/div><div class=\"envira-gallery-position-overlay envira-gallery-bottom-left\"><\/div><div class=\"envira-gallery-position-overlay envira-gallery-bottom-right\"><\/div><a class=\"envira-gallery-40583 envira-gallery-link\" href=\"https:\/\/www.cafmeythet.org\/wp\/wp-content\/uploads\/2025\/09\/Sentier-du-Calvaire-Megeve-8-1.jpg\" title=\"Sentier-du-Calvaire-Megeve-8-1\" data-caption=\"\" data-envira-item-id=\"40581\" data-envira-retina=\"https:\/\/www.cafmeythet.org\/wp\/wp-content\/uploads\/2025\/09\/Sentier-du-Calvaire-Megeve-8-1.jpg\" data-thumb=\"https:\/\/www.cafmeythet.org\/wp\/wp-content\/uploads\/2025\/09\/Sentier-du-Calvaire-Megeve-8-1-75x50_c.jpg\" data-title=\"Sentier-du-Calvaire-Megeve-8-1\" data-envirabox='40583' itemprop=\"contentUrl\"><img loading=\"lazy\" decoding=\"async\" src=\"https:\/\/www.cafmeythet.org\/wp\/wp-content\/uploads\/2025\/09\/Sentier-du-Calvaire-Megeve-8-1-768x1024.jpg\" alt=\"\" class=\"envira-gallery-image envira-gallery-image-8    envira-lazy\" height=\"480\" id=\"envira-gallery-image-40581\" srcset=\"data:image\/gif;base64,R0lGODlhAQABAIAAAP\/\/\/\/\/\/\/yH5BAEKAAEALAAAAAABAAEAAAICTAEAOw==\" tabindex=\"-1\" title=\"Sentier-du-Calvaire-Megeve-8-1\" width=\"640\" data-caption=\"\" data-envira-gallery-id=\"40583\" data-envira-index=\"7\" data-envira-item-id=\"40581\" data-envira-src=\"https:\/\/www.cafmeythet.org\/wp\/wp-content\/uploads\/2025\/09\/Sentier-du-Calvaire-Megeve-8-1-768x1024.jpg\" data-envira-srcset=\"https:\/\/www.cafmeythet.org\/wp\/wp-content\/uploads\/2025\/09\/Sentier-du-Calvaire-Megeve-8-1-768x1024.jpg 400w, https:\/\/www.cafmeythet.org\/wp\/wp-content\/uploads\/2025\/09\/Sentier-du-Calvaire-Megeve-8-1-768x1024.jpg 2x\" data-title=\"Sentier-du-Calvaire-Megeve-8-1\" itemprop=\"thumbnailUrl\"  data-envirabox=\"40583\" data-automatic-caption=\"Sentier-du-Calvaire-Megeve-8-1\" data-envira-height=\"250\" data-envira-width=\"188\" \/><\/a><\/div><\/div><div id=\"envira-gallery-item-40582\" class=\"envira-gallery-item envira-gallery-item-9 envira-lazy-load\" style=\"padding-left: 1px; padding-bottom: 1px; padding-right: 1px;\"  itemscope itemtype=\"https:\/\/schema.org\/ImageObject\"><div class=\"envira-gallery-item-inner\"><div class=\"envira-gallery-position-overlay envira-gallery-top-left\"><\/div><div class=\"envira-gallery-position-overlay envira-gallery-top-right\"><\/div><div class=\"envira-gallery-position-overlay envira-gallery-bottom-left\"><\/div><div class=\"envira-gallery-position-overlay envira-gallery-bottom-right\"><\/div><a class=\"envira-gallery-40583 envira-gallery-link\" href=\"https:\/\/www.cafmeythet.org\/wp\/wp-content\/uploads\/2025\/09\/Sentier-du-Calvaire-Megeve-9-1.jpg\" title=\"Sentier-du-Calvaire-Megeve-9-1\" data-caption=\"\" data-envira-item-id=\"40582\" data-envira-retina=\"https:\/\/www.cafmeythet.org\/wp\/wp-content\/uploads\/2025\/09\/Sentier-du-Calvaire-Megeve-9-1.jpg\" data-thumb=\"https:\/\/www.cafmeythet.org\/wp\/wp-content\/uploads\/2025\/09\/Sentier-du-Calvaire-Megeve-9-1-75x50_c.jpg\" data-title=\"Sentier-du-Calvaire-Megeve-9-1\" data-envirabox='40583' itemprop=\"contentUrl\"><img loading=\"lazy\" decoding=\"async\" src=\"https:\/\/www.cafmeythet.org\/wp\/wp-content\/uploads\/2025\/09\/Sentier-du-Calvaire-Megeve-9-1-1024x768.jpg\" alt=\"\" class=\"envira-gallery-image envira-gallery-image-9    envira-lazy\" height=\"480\" id=\"envira-gallery-image-40582\" srcset=\"data:image\/gif;base64,R0lGODlhAQABAIAAAP\/\/\/\/\/\/\/yH5BAEKAAEALAAAAAABAAEAAAICTAEAOw==\" tabindex=\"-1\" title=\"Sentier-du-Calvaire-Megeve-9-1\" width=\"640\" data-caption=\"\" data-envira-gallery-id=\"40583\" data-envira-index=\"8\" data-envira-item-id=\"40582\" data-envira-src=\"https:\/\/www.cafmeythet.org\/wp\/wp-content\/uploads\/2025\/09\/Sentier-du-Calvaire-Megeve-9-1-1024x768.jpg\" data-envira-srcset=\"https:\/\/www.cafmeythet.org\/wp\/wp-content\/uploads\/2025\/09\/Sentier-du-Calvaire-Megeve-9-1-1024x768.jpg 400w, https:\/\/www.cafmeythet.org\/wp\/wp-content\/uploads\/2025\/09\/Sentier-du-Calvaire-Megeve-9-1-1024x768.jpg 2x\" data-title=\"Sentier-du-Calvaire-Megeve-9-1\" itemprop=\"thumbnailUrl\"  data-envirabox=\"40583\" data-automatic-caption=\"Sentier-du-Calvaire-Megeve-9-1\" data-envira-height=\"250\" data-envira-width=\"333\" \/><\/a><\/div><\/div><\/div><\/div><noscript><img src='https:\/\/www.cafmeythet.org\/wp\/wp-content\/uploads\/2025\/09\/Sentier-du-Calvaire-Megeve-1-1-scaled.jpg' alt='' class='envira_noscript_images ' \/><img src='https:\/\/www.cafmeythet.org\/wp\/wp-content\/uploads\/2025\/09\/Sentier-du-Calvaire-Megeve-2-1-scaled.jpg' alt='' class='envira_noscript_images ' \/><img src='https:\/\/www.cafmeythet.org\/wp\/wp-content\/uploads\/2025\/09\/Sentier-du-Calvaire-Megeve-3-1-scaled.jpg' alt='' class='envira_noscript_images ' \/><img src='https:\/\/www.cafmeythet.org\/wp\/wp-content\/uploads\/2025\/09\/Sentier-du-Calvaire-Megeve-4-1-scaled.jpg' alt='' class='envira_noscript_images ' \/><img src='https:\/\/www.cafmeythet.org\/wp\/wp-content\/uploads\/2025\/09\/Sentier-du-Calvaire-Megeve-5-1-scaled.jpg' alt='' class='envira_noscript_images ' \/><img src='https:\/\/www.cafmeythet.org\/wp\/wp-content\/uploads\/2025\/09\/Sentier-du-Calvaire-Megeve-6-1.jpg' alt='' class='envira_noscript_images ' \/><img src='https:\/\/www.cafmeythet.org\/wp\/wp-content\/uploads\/2025\/09\/Sentier-du-Calvaire-Megeve-7-1.jpg' alt='' class='envira_noscript_images ' \/><img src='https:\/\/www.cafmeythet.org\/wp\/wp-content\/uploads\/2025\/09\/Sentier-du-Calvaire-Megeve-8-1.jpg' alt='' class='envira_noscript_images ' \/><img src='https:\/\/www.cafmeythet.org\/wp\/wp-content\/uploads\/2025\/09\/Sentier-du-Calvaire-Megeve-9-1.jpg' alt='' class='envira_noscript_images ' \/><\/noscript><\/div>\n<h3>Images li\u00e9es:<\/h3>","protected":false},"excerpt":{"rendered":"<p>Nous \u00e9tions 5 \u00e0 profiter de ce week-end du patrimoine \u00e0 Meg\u00e8ve sous une m\u00e9t\u00e9o tr\u00e8s cl\u00e9mente.Visites sans pluie, quelques gouttes \u00e0 partir de 15h30.Nous avons pique-niqu\u00e9 sous le soleil \u00e0 St Gervais o\u00f9 nous avons visit\u00e9 l&#8217;\u00e9glise et profit\u00e9 de la visite du cimeti\u00e8re Eliane Images li\u00e9es:<\/p>\n","protected":false},"author":254,"featured_media":40588,"comment_status":"closed","ping_status":"closed","sticky":false,"template":"","format":"standard","meta":{"ngg_post_thumbnail":0,"footnotes":""},"categories":[11,3],"tags":[],"class_list":["post-40573","post","type-post","status-publish","format-standard","has-post-thumbnail","hentry","category-randonnee","category-dernieres-sorties"],"_links":{"self":[{"href":"https:\/\/www.cafmeythet.org\/wp\/wp-json\/wp\/v2\/posts\/40573","targetHints":{"allow":["GET"]}}],"collection":[{"href":"https:\/\/www.cafmeythet.org\/wp\/wp-json\/wp\/v2\/posts"}],"about":[{"href":"https:\/\/www.cafmeythet.org\/wp\/wp-json\/wp\/v2\/types\/post"}],"author":[{"embeddable":true,"href":"https:\/\/www.cafmeythet.org\/wp\/wp-json\/wp\/v2\/users\/254"}],"replies":[{"embeddable":true,"href":"https:\/\/www.cafmeythet.org\/wp\/wp-json\/wp\/v2\/comments?post=40573"}],"version-history":[{"count":2,"href":"https:\/\/www.cafmeythet.org\/wp\/wp-json\/wp\/v2\/posts\/40573\/revisions"}],"predecessor-version":[{"id":40587,"href":"https:\/\/www.cafmeythet.org\/wp\/wp-json\/wp\/v2\/posts\/40573\/revisions\/40587"}],"wp:featuredmedia":[{"embeddable":true,"href":"https:\/\/www.cafmeythet.org\/wp\/wp-json\/wp\/v2\/media\/40588"}],"wp:attachment":[{"href":"https:\/\/www.cafmeythet.org\/wp\/wp-json\/wp\/v2\/media?parent=40573"}],"wp:term":[{"taxonomy":"category","embeddable":true,"href":"https:\/\/www.cafmeythet.org\/wp\/wp-json\/wp\/v2\/categories?post=40573"},{"taxonomy":"post_tag","embeddable":true,"href":"https:\/\/www.cafmeythet.org\/wp\/wp-json\/wp\/v2\/tags?post=40573"}],"curies":[{"name":"wp","href":"https:\/\/api.w.org\/{rel}","templated":true}]}}