{"id":38968,"date":"2025-04-23T14:48:06","date_gmt":"2025-04-23T12:48:06","guid":{"rendered":"https:\/\/www.cafmeythet.org\/wp\/?p=38968"},"modified":"2025-04-23T14:48:07","modified_gmt":"2025-04-23T12:48:07","slug":"ski-de-randonnee-col-de-la-grande-combe-2125","status":"publish","type":"post","link":"https:\/\/www.cafmeythet.org\/wp\/2025\/04\/23\/ski-de-randonnee-col-de-la-grande-combe-2125\/","title":{"rendered":"Ski de randonn\u00e9e &#8211; Col de la Grande Combe (2125)"},"content":{"rendered":"\n<p><strong>07\/04\/2025 : ski de randonn\u00e9e &#8211; Col de la Grande Combe (2125m)<\/strong><\/p>\n\n\n\n<p>Nous sommes partis \u00e0 9, skis aux pieds, mais tr\u00e8s vite, nous avons chauss\u00e9 et d\u00e9chauss\u00e9  entre cailloux et plaques de neige (sur 250 m D+). Ensuite, c&#8217;est par une mont\u00e9e tranquille que nous avons atteint le col pour un pique-nique sous le soleil. Puis nous sommes descendus par les pistes sur une neige agr\u00e9able, en suivant les canons \u00e0 neige presque jusqu&#8217;aux voitures. Belle journ\u00e9e printani\u00e8re.<\/p>\n\n\n\n<p>Dominique<\/p>\n\n\n\n<figure class=\"wp-block-image size-large\"><img loading=\"lazy\" decoding=\"async\" width=\"1024\" height=\"768\" src=\"https:\/\/www.cafmeythet.org\/wp\/wp-content\/uploads\/2025\/04\/CAFskirando_ColGrandeCombe1_08avril2025-1024x768.jpg\" alt=\"\" class=\"wp-image-38971\" srcset=\"https:\/\/www.cafmeythet.org\/wp\/wp-content\/uploads\/2025\/04\/CAFskirando_ColGrandeCombe1_08avril2025-1024x768.jpg 1024w, https:\/\/www.cafmeythet.org\/wp\/wp-content\/uploads\/2025\/04\/CAFskirando_ColGrandeCombe1_08avril2025-333x250.jpg 333w, https:\/\/www.cafmeythet.org\/wp\/wp-content\/uploads\/2025\/04\/CAFskirando_ColGrandeCombe1_08avril2025-768x576.jpg 768w, https:\/\/www.cafmeythet.org\/wp\/wp-content\/uploads\/2025\/04\/CAFskirando_ColGrandeCombe1_08avril2025-1536x1152.jpg 1536w, https:\/\/www.cafmeythet.org\/wp\/wp-content\/uploads\/2025\/04\/CAFskirando_ColGrandeCombe1_08avril2025-400x300.jpg 400w, https:\/\/www.cafmeythet.org\/wp\/wp-content\/uploads\/2025\/04\/CAFskirando_ColGrandeCombe1_08avril2025.jpg 2048w\" sizes=\"auto, (max-width: 1024px) 100vw, 1024px\" \/><\/figure>\n\n\n\n<figure class=\"wp-block-image size-large\"><img loading=\"lazy\" decoding=\"async\" width=\"1024\" height=\"768\" src=\"https:\/\/www.cafmeythet.org\/wp\/wp-content\/uploads\/2025\/04\/CAFskirando_ColGrandeCombe3_08avril2025-1-1024x768.jpg\" alt=\"\" class=\"wp-image-38976\" srcset=\"https:\/\/www.cafmeythet.org\/wp\/wp-content\/uploads\/2025\/04\/CAFskirando_ColGrandeCombe3_08avril2025-1-1024x768.jpg 1024w, https:\/\/www.cafmeythet.org\/wp\/wp-content\/uploads\/2025\/04\/CAFskirando_ColGrandeCombe3_08avril2025-1-333x250.jpg 333w, https:\/\/www.cafmeythet.org\/wp\/wp-content\/uploads\/2025\/04\/CAFskirando_ColGrandeCombe3_08avril2025-1-768x576.jpg 768w, https:\/\/www.cafmeythet.org\/wp\/wp-content\/uploads\/2025\/04\/CAFskirando_ColGrandeCombe3_08avril2025-1-1536x1152.jpg 1536w, https:\/\/www.cafmeythet.org\/wp\/wp-content\/uploads\/2025\/04\/CAFskirando_ColGrandeCombe3_08avril2025-1-400x300.jpg 400w, https:\/\/www.cafmeythet.org\/wp\/wp-content\/uploads\/2025\/04\/CAFskirando_ColGrandeCombe3_08avril2025-1.jpg 2048w\" sizes=\"auto, (max-width: 1024px) 100vw, 1024px\" \/><\/figure>\n\n\n\n<figure class=\"wp-block-image size-large\"><img loading=\"lazy\" decoding=\"async\" width=\"768\" height=\"1024\" src=\"https:\/\/www.cafmeythet.org\/wp\/wp-content\/uploads\/2025\/04\/CAFskirando_ColGrandeCombe2_08avril2025-1-768x1024.jpg\" alt=\"\" class=\"wp-image-38977\" srcset=\"https:\/\/www.cafmeythet.org\/wp\/wp-content\/uploads\/2025\/04\/CAFskirando_ColGrandeCombe2_08avril2025-1-768x1024.jpg 768w, https:\/\/www.cafmeythet.org\/wp\/wp-content\/uploads\/2025\/04\/CAFskirando_ColGrandeCombe2_08avril2025-1-188x250.jpg 188w, https:\/\/www.cafmeythet.org\/wp\/wp-content\/uploads\/2025\/04\/CAFskirando_ColGrandeCombe2_08avril2025-1-1152x1536.jpg 1152w, https:\/\/www.cafmeythet.org\/wp\/wp-content\/uploads\/2025\/04\/CAFskirando_ColGrandeCombe2_08avril2025-1.jpg 1536w\" sizes=\"auto, (max-width: 768px) 100vw, 768px\" \/><\/figure>\n<h3>Images li\u00e9es:<\/h3>","protected":false},"excerpt":{"rendered":"<p>07\/04\/2025 : ski de randonn\u00e9e &#8211; Col de la Grande Combe (2125m) Nous sommes partis \u00e0 9, skis aux pieds, mais tr\u00e8s vite, nous avons chauss\u00e9 et d\u00e9chauss\u00e9 entre cailloux et plaques de neige (sur 250 m D+). Ensuite, c&#8217;est par une mont\u00e9e tranquille que nous avons atteint le col pour un pique-nique sous le [&hellip;]<\/p>\n","protected":false},"author":21,"featured_media":38981,"comment_status":"closed","ping_status":"closed","sticky":false,"template":"","format":"standard","meta":{"ngg_post_thumbnail":0,"footnotes":""},"categories":[12,3],"tags":[],"class_list":["post-38968","post","type-post","status-publish","format-standard","has-post-thumbnail","hentry","category-ski-de-randonnee","category-dernieres-sorties"],"_links":{"self":[{"href":"https:\/\/www.cafmeythet.org\/wp\/wp-json\/wp\/v2\/posts\/38968","targetHints":{"allow":["GET"]}}],"collection":[{"href":"https:\/\/www.cafmeythet.org\/wp\/wp-json\/wp\/v2\/posts"}],"about":[{"href":"https:\/\/www.cafmeythet.org\/wp\/wp-json\/wp\/v2\/types\/post"}],"author":[{"embeddable":true,"href":"https:\/\/www.cafmeythet.org\/wp\/wp-json\/wp\/v2\/users\/21"}],"replies":[{"embeddable":true,"href":"https:\/\/www.cafmeythet.org\/wp\/wp-json\/wp\/v2\/comments?post=38968"}],"version-history":[{"count":5,"href":"https:\/\/www.cafmeythet.org\/wp\/wp-json\/wp\/v2\/posts\/38968\/revisions"}],"predecessor-version":[{"id":38982,"href":"https:\/\/www.cafmeythet.org\/wp\/wp-json\/wp\/v2\/posts\/38968\/revisions\/38982"}],"wp:featuredmedia":[{"embeddable":true,"href":"https:\/\/www.cafmeythet.org\/wp\/wp-json\/wp\/v2\/media\/38981"}],"wp:attachment":[{"href":"https:\/\/www.cafmeythet.org\/wp\/wp-json\/wp\/v2\/media?parent=38968"}],"wp:term":[{"taxonomy":"category","embeddable":true,"href":"https:\/\/www.cafmeythet.org\/wp\/wp-json\/wp\/v2\/categories?post=38968"},{"taxonomy":"post_tag","embeddable":true,"href":"https:\/\/www.cafmeythet.org\/wp\/wp-json\/wp\/v2\/tags?post=38968"}],"curies":[{"name":"wp","href":"https:\/\/api.w.org\/{rel}","templated":true}]}}