{"id":32926,"date":"2023-10-02T16:44:16","date_gmt":"2023-10-02T14:44:16","guid":{"rendered":"https:\/\/www.cafmeythet.org\/wp\/?p=32926"},"modified":"2023-10-02T16:44:17","modified_gmt":"2023-10-02T14:44:17","slug":"randonnee-pedestre-la-jonction","status":"publish","type":"post","link":"https:\/\/www.cafmeythet.org\/wp\/2023\/10\/02\/randonnee-pedestre-la-jonction\/","title":{"rendered":"Randonn\u00e9e p\u00e9destre : La Jonction"},"content":{"rendered":"\n<p>Ce Jeudi 21 Septembre, le Caf de Meythet a programm\u00e9 une sortie \u00e0 la Jonction (Les Bossons Chamonix).<\/p>\n\n\n\n<p>C&#8217;est un classique d&#8217;automne, qui n\u00e9cessite une bonne condition physique, avec un d\u00e9part depuis le parking des Monts au pied du t\u00e9l\u00e9si\u00e8ge (ferm\u00e9 hors saison). Il s&#8217;agit donc d&#8217;un A\/R pour un D+ de 1535m et environ 14,5km. Le retour par le vallon de Taconnaz est ferm\u00e9 et le retour ne peut se faire que par le m\u00eame itin\u00e9raire.<\/p>\n\n\n\n<p>La m\u00e9t\u00e9o a \u00e9t\u00e9 correcte, le plafond \u00e9tait un peu bouch\u00e9 sur le Mt Blanc vers midi. Nous avons d\u00e9marr\u00e9 \u00e0 7h45 du parking et sommes arriv\u00e9s au sommet vers 11h45.<\/p>\n\n\n\n<p>Quelques gouttes au sommet nous ont oblig\u00e9 \u00e0 manger \u00e0 l&#8217;abri et le retour s&#8217;est effectu\u00e9 sous le soleil, avec une arriv\u00e9e \u00e0 15h30 \u00e0 la voiture.<\/p>\n\n\n\n<p>A bient\u00f4t sur d&#8217;autres chemins.<\/p>\n\n\n\n<p>Pierre<\/p>\n\n\n\nngg_shortcode_0_placeholder\n\n\n\n<p><\/p>\n<h3>Images li\u00e9es:<\/h3>","protected":false},"excerpt":{"rendered":"<p>Ce Jeudi 21 Septembre, le Caf de Meythet a programm\u00e9 une sortie \u00e0 la Jonction (Les Bossons Chamonix). C&#8217;est un classique d&#8217;automne, qui n\u00e9cessite une bonne condition physique, avec un d\u00e9part depuis le parking des Monts au pied du t\u00e9l\u00e9si\u00e8ge (ferm\u00e9 hors saison). Il s&#8217;agit donc d&#8217;un A\/R pour un D+ de 1535m et environ [&hellip;]<\/p>\n","protected":false},"author":42,"featured_media":32927,"comment_status":"closed","ping_status":"closed","sticky":false,"template":"","format":"standard","meta":{"ngg_post_thumbnail":0,"footnotes":""},"categories":[11,3],"tags":[],"class_list":["post-32926","post","type-post","status-publish","format-standard","has-post-thumbnail","hentry","category-randonnee","category-dernieres-sorties"],"_links":{"self":[{"href":"https:\/\/www.cafmeythet.org\/wp\/wp-json\/wp\/v2\/posts\/32926","targetHints":{"allow":["GET"]}}],"collection":[{"href":"https:\/\/www.cafmeythet.org\/wp\/wp-json\/wp\/v2\/posts"}],"about":[{"href":"https:\/\/www.cafmeythet.org\/wp\/wp-json\/wp\/v2\/types\/post"}],"author":[{"embeddable":true,"href":"https:\/\/www.cafmeythet.org\/wp\/wp-json\/wp\/v2\/users\/42"}],"replies":[{"embeddable":true,"href":"https:\/\/www.cafmeythet.org\/wp\/wp-json\/wp\/v2\/comments?post=32926"}],"version-history":[{"count":0,"href":"https:\/\/www.cafmeythet.org\/wp\/wp-json\/wp\/v2\/posts\/32926\/revisions"}],"wp:featuredmedia":[{"embeddable":true,"href":"https:\/\/www.cafmeythet.org\/wp\/wp-json\/wp\/v2\/media\/32927"}],"wp:attachment":[{"href":"https:\/\/www.cafmeythet.org\/wp\/wp-json\/wp\/v2\/media?parent=32926"}],"wp:term":[{"taxonomy":"category","embeddable":true,"href":"https:\/\/www.cafmeythet.org\/wp\/wp-json\/wp\/v2\/categories?post=32926"},{"taxonomy":"post_tag","embeddable":true,"href":"https:\/\/www.cafmeythet.org\/wp\/wp-json\/wp\/v2\/tags?post=32926"}],"curies":[{"name":"wp","href":"https:\/\/api.w.org\/{rel}","templated":true}]}}