{"id":32914,"date":"2023-10-02T16:27:25","date_gmt":"2023-10-02T14:27:25","guid":{"rendered":"https:\/\/www.cafmeythet.org\/wp\/?p=32914"},"modified":"2023-10-02T16:27:27","modified_gmt":"2023-10-02T14:27:27","slug":"randonnee-pedestre-la-pointe-dalmet","status":"publish","type":"post","link":"https:\/\/www.cafmeythet.org\/wp\/2023\/10\/02\/randonnee-pedestre-la-pointe-dalmet\/","title":{"rendered":"Randonn\u00e9e p\u00e9destre : la Pointe d&#8217;Almet"},"content":{"rendered":"\n<p>Ce dimanche 17 septembre, la randonn\u00e9e commence par un \u00e9chauffement jusqu\u2019au col de la Colombi\u00e8re puis continue par une mont\u00e9e plus rapide c\u00f4t\u00e9 Auferrand.<\/p>\n\n\n\n<p>L\u2019acc\u00e8s \u00e0 la pointe d\u2019Almet est impressionnante par sa pente mais le groupe l\u2019a finalement atteint pour le pique-nique de midi : Bravo !<\/p>\n\n\n\n<p>L\u2019apr\u00e8s-midi n\u2019\u00e9tait pas une simple descente puisque le parcours emprunte les cr\u00eates qui domine la vall\u00e9e du Maroly. Impressionnant mais accessible aux bons marcheurs. La descente f\u00fbt tellement raide que le \u00ab photographe officiel \u00bb \u00e9tait plus occup\u00e9 \u00e0 chercher des prises qu\u2019\u00e0 prendre des photos !<\/p>\n\n\n\n<p>Jean-Pierre<\/p>\n\n\n\nngg_shortcode_0_placeholder\n<h3>Images li\u00e9es:<\/h3>","protected":false},"excerpt":{"rendered":"<p>Ce dimanche 17 septembre, la randonn\u00e9e commence par un \u00e9chauffement jusqu\u2019au col de la Colombi\u00e8re puis continue par une mont\u00e9e plus rapide c\u00f4t\u00e9 Auferrand. L\u2019acc\u00e8s \u00e0 la pointe d\u2019Almet est impressionnante par sa pente mais le groupe l\u2019a finalement atteint pour le pique-nique de midi : Bravo ! L\u2019apr\u00e8s-midi n\u2019\u00e9tait pas une simple descente puisque [&hellip;]<\/p>\n","protected":false},"author":42,"featured_media":32915,"comment_status":"closed","ping_status":"closed","sticky":false,"template":"","format":"standard","meta":{"ngg_post_thumbnail":0,"footnotes":""},"categories":[11,3],"tags":[],"class_list":["post-32914","post","type-post","status-publish","format-standard","has-post-thumbnail","hentry","category-randonnee","category-dernieres-sorties"],"_links":{"self":[{"href":"https:\/\/www.cafmeythet.org\/wp\/wp-json\/wp\/v2\/posts\/32914","targetHints":{"allow":["GET"]}}],"collection":[{"href":"https:\/\/www.cafmeythet.org\/wp\/wp-json\/wp\/v2\/posts"}],"about":[{"href":"https:\/\/www.cafmeythet.org\/wp\/wp-json\/wp\/v2\/types\/post"}],"author":[{"embeddable":true,"href":"https:\/\/www.cafmeythet.org\/wp\/wp-json\/wp\/v2\/users\/42"}],"replies":[{"embeddable":true,"href":"https:\/\/www.cafmeythet.org\/wp\/wp-json\/wp\/v2\/comments?post=32914"}],"version-history":[{"count":0,"href":"https:\/\/www.cafmeythet.org\/wp\/wp-json\/wp\/v2\/posts\/32914\/revisions"}],"wp:featuredmedia":[{"embeddable":true,"href":"https:\/\/www.cafmeythet.org\/wp\/wp-json\/wp\/v2\/media\/32915"}],"wp:attachment":[{"href":"https:\/\/www.cafmeythet.org\/wp\/wp-json\/wp\/v2\/media?parent=32914"}],"wp:term":[{"taxonomy":"category","embeddable":true,"href":"https:\/\/www.cafmeythet.org\/wp\/wp-json\/wp\/v2\/categories?post=32914"},{"taxonomy":"post_tag","embeddable":true,"href":"https:\/\/www.cafmeythet.org\/wp\/wp-json\/wp\/v2\/tags?post=32914"}],"curies":[{"name":"wp","href":"https:\/\/api.w.org\/{rel}","templated":true}]}}