{"id":30236,"date":"2022-11-24T19:33:08","date_gmt":"2022-11-24T18:33:08","guid":{"rendered":"https:\/\/www.cafmeythet.org\/wp\/?p=30236"},"modified":"2022-11-24T19:33:09","modified_gmt":"2022-11-24T18:33:09","slug":"rando-pedestre-la-pointe-de-la-galoppaz","status":"publish","type":"post","link":"https:\/\/www.cafmeythet.org\/wp\/2022\/11\/24\/rando-pedestre-la-pointe-de-la-galoppaz\/","title":{"rendered":"Rando p\u00e9destre: La Pointe de la Galoppaz"},"content":{"rendered":"\n<p> Par une tr\u00e8s belle journ\u00e9e, 11 membres du Caf de Meythet m&#8217;ont accompagn\u00e9 pour faire le sommet de la Pointe de la Galoppaz (1680m) dans le massif des Bauges, au d\u00e9part du Col des Pr\u00e9s en boucle. La neige \u00e9tait au rendez-vous et a agr\u00e9ablement compl\u00e9t\u00e9 cette magnifique sortie. Le soleil \u00e9tait largement pr\u00e9sent et la temp\u00e9rature, tr\u00e8s agr\u00e9able. Nous avons pu d\u00e9jeuner au sommet et sommes rentr\u00e9s tranquillement vers 15h aux voitures.<br>A bient\u00f4t sur d&#8217;autres chemins.<br>Pierre PREDESAC<\/p>\n\n\n\nngg_shortcode_0_placeholder\n<h3>Images li\u00e9es:<\/h3>","protected":false},"excerpt":{"rendered":"<p>Par une tr\u00e8s belle journ\u00e9e, 11 membres du Caf de Meythet m&#8217;ont accompagn\u00e9 pour faire le sommet de la Pointe de la Galoppaz (1680m) dans le massif des Bauges, au d\u00e9part du Col des Pr\u00e9s en boucle. La neige \u00e9tait au rendez-vous et a agr\u00e9ablement compl\u00e9t\u00e9 cette magnifique sortie. Le soleil \u00e9tait largement pr\u00e9sent et [&hellip;]<\/p>\n","protected":false},"author":7,"featured_media":30245,"comment_status":"closed","ping_status":"closed","sticky":false,"template":"","format":"standard","meta":{"ngg_post_thumbnail":0,"footnotes":""},"categories":[11,3],"tags":[],"class_list":["post-30236","post","type-post","status-publish","format-standard","has-post-thumbnail","hentry","category-randonnee","category-dernieres-sorties"],"_links":{"self":[{"href":"https:\/\/www.cafmeythet.org\/wp\/wp-json\/wp\/v2\/posts\/30236","targetHints":{"allow":["GET"]}}],"collection":[{"href":"https:\/\/www.cafmeythet.org\/wp\/wp-json\/wp\/v2\/posts"}],"about":[{"href":"https:\/\/www.cafmeythet.org\/wp\/wp-json\/wp\/v2\/types\/post"}],"author":[{"embeddable":true,"href":"https:\/\/www.cafmeythet.org\/wp\/wp-json\/wp\/v2\/users\/7"}],"replies":[{"embeddable":true,"href":"https:\/\/www.cafmeythet.org\/wp\/wp-json\/wp\/v2\/comments?post=30236"}],"version-history":[{"count":0,"href":"https:\/\/www.cafmeythet.org\/wp\/wp-json\/wp\/v2\/posts\/30236\/revisions"}],"wp:featuredmedia":[{"embeddable":true,"href":"https:\/\/www.cafmeythet.org\/wp\/wp-json\/wp\/v2\/media\/30245"}],"wp:attachment":[{"href":"https:\/\/www.cafmeythet.org\/wp\/wp-json\/wp\/v2\/media?parent=30236"}],"wp:term":[{"taxonomy":"category","embeddable":true,"href":"https:\/\/www.cafmeythet.org\/wp\/wp-json\/wp\/v2\/categories?post=30236"},{"taxonomy":"post_tag","embeddable":true,"href":"https:\/\/www.cafmeythet.org\/wp\/wp-json\/wp\/v2\/tags?post=30236"}],"curies":[{"name":"wp","href":"https:\/\/api.w.org\/{rel}","templated":true}]}}