{"id":29807,"date":"2022-10-08T08:50:44","date_gmt":"2022-10-08T06:50:44","guid":{"rendered":"https:\/\/www.cafmeythet.org\/wp\/?p=29807"},"modified":"2022-10-08T08:50:46","modified_gmt":"2022-10-08T06:50:46","slug":"rando-pedestre-la-tete-de-bostan-par-le-pas-de-lalatte","status":"publish","type":"post","link":"https:\/\/www.cafmeythet.org\/wp\/2022\/10\/08\/rando-pedestre-la-tete-de-bostan-par-le-pas-de-lalatte\/","title":{"rendered":"Rando p\u00e9destre: la T\u00eate de Bostan par le Pas de Lalatte."},"content":{"rendered":"\n<p>Le circuit par le versant nord de la T\u00eate de Bostan est une alternative int\u00e9ressante \u00e0 la voie normale. La progression s&#8217;effectue \u00e0 flanc de la face abrupte de Bostan d&#8217;o\u00f9 l&#8217;on peut voir les plissements g\u00e9ologiques de la roche. Le retour par le col de Bostan et la longue descente vers le refuge de Bostan est un peu p\u00e9nible dans les \u00e9boulis.<br>Cette randonn\u00e9e nous a permis de voir 1 chamois et quelques oiseaux dont un accenteur Alpin.<br>La lumi\u00e8re automnale \u00e9tait magnifique et les temp\u00e9ratures tr\u00e8s agr\u00e9ables malgr\u00e9 quelques traces de neige.<br>A bient\u00f4t sur d&#8217;autres chemins<br>Pierre PREDESAC<\/p>\n\n\n\nngg_shortcode_0_placeholder\n<h3>Images li\u00e9es:<\/h3>","protected":false},"excerpt":{"rendered":"<p>Le circuit par le versant nord de la T\u00eate de Bostan est une alternative int\u00e9ressante \u00e0 la voie normale. La progression s&#8217;effectue \u00e0 flanc de la face abrupte de Bostan d&#8217;o\u00f9 l&#8217;on peut voir les plissements g\u00e9ologiques de la roche. Le retour par le col de Bostan et la longue descente vers le refuge de [&hellip;]<\/p>\n","protected":false},"author":7,"featured_media":29818,"comment_status":"closed","ping_status":"closed","sticky":false,"template":"","format":"standard","meta":{"ngg_post_thumbnail":0,"footnotes":""},"categories":[3],"tags":[],"class_list":["post-29807","post","type-post","status-publish","format-standard","has-post-thumbnail","hentry","category-dernieres-sorties"],"_links":{"self":[{"href":"https:\/\/www.cafmeythet.org\/wp\/wp-json\/wp\/v2\/posts\/29807","targetHints":{"allow":["GET"]}}],"collection":[{"href":"https:\/\/www.cafmeythet.org\/wp\/wp-json\/wp\/v2\/posts"}],"about":[{"href":"https:\/\/www.cafmeythet.org\/wp\/wp-json\/wp\/v2\/types\/post"}],"author":[{"embeddable":true,"href":"https:\/\/www.cafmeythet.org\/wp\/wp-json\/wp\/v2\/users\/7"}],"replies":[{"embeddable":true,"href":"https:\/\/www.cafmeythet.org\/wp\/wp-json\/wp\/v2\/comments?post=29807"}],"version-history":[{"count":0,"href":"https:\/\/www.cafmeythet.org\/wp\/wp-json\/wp\/v2\/posts\/29807\/revisions"}],"wp:featuredmedia":[{"embeddable":true,"href":"https:\/\/www.cafmeythet.org\/wp\/wp-json\/wp\/v2\/media\/29818"}],"wp:attachment":[{"href":"https:\/\/www.cafmeythet.org\/wp\/wp-json\/wp\/v2\/media?parent=29807"}],"wp:term":[{"taxonomy":"category","embeddable":true,"href":"https:\/\/www.cafmeythet.org\/wp\/wp-json\/wp\/v2\/categories?post=29807"},{"taxonomy":"post_tag","embeddable":true,"href":"https:\/\/www.cafmeythet.org\/wp\/wp-json\/wp\/v2\/tags?post=29807"}],"curies":[{"name":"wp","href":"https:\/\/api.w.org\/{rel}","templated":true}]}}