{"id":26155,"date":"2021-11-23T16:51:43","date_gmt":"2021-11-23T15:51:43","guid":{"rendered":"https:\/\/www.cafmeythet.org\/wp\/?p=26155"},"modified":"2021-11-23T17:45:32","modified_gmt":"2021-11-23T16:45:32","slug":"rando-pedestre-la-dent-de-crolles-2","status":"publish","type":"post","link":"https:\/\/www.cafmeythet.org\/wp\/2021\/11\/23\/rando-pedestre-la-dent-de-crolles-2\/","title":{"rendered":"Rando p\u00e9destre: La Dent de Crolles"},"content":{"rendered":"\n<figure class=\"wp-block-table\"><table><tbody><tr><td>Au d\u00e9part du parking de Perquelin (970m) \u00e0 Saint Pierre de Chartreuse, je suis parti avec 6 participants du CAF de Meythet pour faire la Dent de Crolles en circuit.<br>Nous avons, dans un premier temps, rejoint la source du Guiers mort (1380m) et remont\u00e9 ensuite jusqu&#8217;au trou et le passage du Glaz, pour rejoindre le plateau de lapiaz qui nous a amen\u00e9s jusqu&#8217;\u00e0 la croix sommitale.<br>Une m\u00e9t\u00e9o incertaine, nous a contraints \u00e0 d\u00e9jeuner rapidement pour redescendre par un sentier accident\u00e9 et expos\u00e9, avant l&#8217;arriv\u00e9e de quelques gouttes sur le chemin du parking.<br>A bient\u00f4t sur d&#8217;autres chemins<br>Pierre PREDESAC<\/td><\/tr><\/tbody><\/table><\/figure>\n\n\n\nngg_shortcode_0_placeholder\n<h3>Images li\u00e9es:<\/h3>","protected":false},"excerpt":{"rendered":"<p>Au d\u00e9part du parking de Perquelin (970m) \u00e0 Saint Pierre de Chartreuse, je suis parti avec 6 participants du CAF de Meythet pour faire la Dent de Crolles en circuit.Nous avons, dans un premier temps, rejoint la source du Guiers mort (1380m) et remont\u00e9 ensuite jusqu&#8217;au trou et le passage du Glaz, pour rejoindre le [&hellip;]<\/p>\n","protected":false},"author":7,"featured_media":26164,"comment_status":"closed","ping_status":"closed","sticky":false,"template":"","format":"standard","meta":{"ngg_post_thumbnail":0,"footnotes":""},"categories":[11,3],"tags":[],"class_list":["post-26155","post","type-post","status-publish","format-standard","has-post-thumbnail","hentry","category-randonnee","category-dernieres-sorties"],"_links":{"self":[{"href":"https:\/\/www.cafmeythet.org\/wp\/wp-json\/wp\/v2\/posts\/26155","targetHints":{"allow":["GET"]}}],"collection":[{"href":"https:\/\/www.cafmeythet.org\/wp\/wp-json\/wp\/v2\/posts"}],"about":[{"href":"https:\/\/www.cafmeythet.org\/wp\/wp-json\/wp\/v2\/types\/post"}],"author":[{"embeddable":true,"href":"https:\/\/www.cafmeythet.org\/wp\/wp-json\/wp\/v2\/users\/7"}],"replies":[{"embeddable":true,"href":"https:\/\/www.cafmeythet.org\/wp\/wp-json\/wp\/v2\/comments?post=26155"}],"version-history":[{"count":0,"href":"https:\/\/www.cafmeythet.org\/wp\/wp-json\/wp\/v2\/posts\/26155\/revisions"}],"wp:featuredmedia":[{"embeddable":true,"href":"https:\/\/www.cafmeythet.org\/wp\/wp-json\/wp\/v2\/media\/26164"}],"wp:attachment":[{"href":"https:\/\/www.cafmeythet.org\/wp\/wp-json\/wp\/v2\/media?parent=26155"}],"wp:term":[{"taxonomy":"category","embeddable":true,"href":"https:\/\/www.cafmeythet.org\/wp\/wp-json\/wp\/v2\/categories?post=26155"},{"taxonomy":"post_tag","embeddable":true,"href":"https:\/\/www.cafmeythet.org\/wp\/wp-json\/wp\/v2\/tags?post=26155"}],"curies":[{"name":"wp","href":"https:\/\/api.w.org\/{rel}","templated":true}]}}