{"id":26135,"date":"2021-11-22T11:01:49","date_gmt":"2021-11-22T10:01:49","guid":{"rendered":"https:\/\/www.cafmeythet.org\/wp\/?p=26135"},"modified":"2021-11-22T11:01:50","modified_gmt":"2021-11-22T10:01:50","slug":"rando-pedestre-le-col-de-very","status":"publish","type":"post","link":"https:\/\/www.cafmeythet.org\/wp\/2021\/11\/22\/rando-pedestre-le-col-de-very\/","title":{"rendered":"Rando p\u00e9destre: Le Col De V\u00e9ry"},"content":{"rendered":"\n<p>Il faisait froid, ce matin, sur le parking du lieu dit &#8220;La Fontaine &#8221; au dessus de Meg\u00e8ve, c&#8217;est donc avec entrain que les 8 marcheurs emprunt\u00e8rent la piste au d\u00e9part de la randonn\u00e9e. Le soleil fit son apparition au niveau de la &#8220;Petite Fontaine&#8221; et r\u00e9chauffa tout le monde la journ\u00e9e durant (en plus de l&#8217;effort fourni pendant les grimpettes ).Apr\u00e8s une petite pause  au chalet des  Lanchettes nous voil\u00e0 repartis par un chemin en balcon, parfois bien enneig\u00e9 et gel\u00e9, pour atteindre le col de V\u00e9ry. Il est 1h , et nous appr\u00e9cierons notre pique-nique confortablement  install\u00e9s sur les bancs du refuge de la Croix de Pierre, face au soleil et au Mont-Blanc. Nous commen\u00e7ons le  retour  par le m\u00eame chemin jusqu&#8217;\u00e0 l&#8217;alpage du Pr\u00e9 Rosset puis nous prenons la direction de Rochebrune et nous terminons la boucle de 17 km et 850m de d\u00e9nivel\u00e9e  par une descente plut\u00f4t raide en for\u00eat en direction du parking.<\/p>\n\n\n\n<p>merci \u00e0 Serge pour cette belle boucle<\/p>\n\n\n\n<p>Pour la petite histoire : &#8221; A l&#8217;\u00e9poque de l&#8217;octroi, le col de V\u00e9ry qui se trouvait en fronti\u00e8re de la zone franche \u00e9tait devenu un point de passage pour les contrebandiers du sel . En passant par l\u00e0, ces derniers ne payaient pas les taxes et ne subissaient pas &#8220;les saisies &#8220;des douaniers sur le col voisin, le col des Saisies justement baptis\u00e9&#8230;&#8221; texte de JM Jeudy<\/p>\n\n\n\n<p>Evelyne<\/p>\n\n\n\nngg_shortcode_0_placeholder\n<h3>Images li\u00e9es:<\/h3>","protected":false},"excerpt":{"rendered":"<p>Il faisait froid, ce matin, sur le parking du lieu dit &#8220;La Fontaine &#8221; au dessus de Meg\u00e8ve, c&#8217;est donc avec entrain que les 8 marcheurs emprunt\u00e8rent la piste au d\u00e9part de la randonn\u00e9e. Le soleil fit son apparition au niveau de la &#8220;Petite Fontaine&#8221; et r\u00e9chauffa tout le monde la journ\u00e9e durant (en plus [&hellip;]<\/p>\n","protected":false},"author":7,"featured_media":26152,"comment_status":"closed","ping_status":"closed","sticky":false,"template":"","format":"standard","meta":{"ngg_post_thumbnail":0,"footnotes":""},"categories":[11,3],"tags":[],"class_list":["post-26135","post","type-post","status-publish","format-standard","has-post-thumbnail","hentry","category-randonnee","category-dernieres-sorties"],"_links":{"self":[{"href":"https:\/\/www.cafmeythet.org\/wp\/wp-json\/wp\/v2\/posts\/26135","targetHints":{"allow":["GET"]}}],"collection":[{"href":"https:\/\/www.cafmeythet.org\/wp\/wp-json\/wp\/v2\/posts"}],"about":[{"href":"https:\/\/www.cafmeythet.org\/wp\/wp-json\/wp\/v2\/types\/post"}],"author":[{"embeddable":true,"href":"https:\/\/www.cafmeythet.org\/wp\/wp-json\/wp\/v2\/users\/7"}],"replies":[{"embeddable":true,"href":"https:\/\/www.cafmeythet.org\/wp\/wp-json\/wp\/v2\/comments?post=26135"}],"version-history":[{"count":0,"href":"https:\/\/www.cafmeythet.org\/wp\/wp-json\/wp\/v2\/posts\/26135\/revisions"}],"wp:featuredmedia":[{"embeddable":true,"href":"https:\/\/www.cafmeythet.org\/wp\/wp-json\/wp\/v2\/media\/26152"}],"wp:attachment":[{"href":"https:\/\/www.cafmeythet.org\/wp\/wp-json\/wp\/v2\/media?parent=26135"}],"wp:term":[{"taxonomy":"category","embeddable":true,"href":"https:\/\/www.cafmeythet.org\/wp\/wp-json\/wp\/v2\/categories?post=26135"},{"taxonomy":"post_tag","embeddable":true,"href":"https:\/\/www.cafmeythet.org\/wp\/wp-json\/wp\/v2\/tags?post=26135"}],"curies":[{"name":"wp","href":"https:\/\/api.w.org\/{rel}","templated":true}]}}