{"id":26089,"date":"2021-11-15T15:18:42","date_gmt":"2021-11-15T14:18:42","guid":{"rendered":"https:\/\/www.cafmeythet.org\/wp\/?p=26089"},"modified":"2021-11-15T15:18:43","modified_gmt":"2021-11-15T14:18:43","slug":"marche-nordique-le-bois-des-glaisins","status":"publish","type":"post","link":"https:\/\/www.cafmeythet.org\/wp\/2021\/11\/15\/marche-nordique-le-bois-des-glaisins\/","title":{"rendered":"Marche nordique : le Bois des Glaisins"},"content":{"rendered":"\n<p>&#8221; Quatre courageuses participantes \u00e0 la marche nordique ce matin au bois des Glaisins.<br>Bonne humeur g\u00e9n\u00e9rale malgr\u00e9 la grisaille automnale ambiante &#8220;<\/p>\n\n\n\n<p>Fran\u00e7oise<\/p>\n\n\n\nngg_shortcode_0_placeholder\n<h3>Images li\u00e9es:<\/h3>","protected":false},"excerpt":{"rendered":"<p>&#8221; Quatre courageuses participantes \u00e0 la marche nordique ce matin au bois des Glaisins.Bonne humeur g\u00e9n\u00e9rale malgr\u00e9 la grisaille automnale ambiante &#8220; Fran\u00e7oise Images li\u00e9es:<\/p>\n","protected":false},"author":7,"featured_media":26090,"comment_status":"closed","ping_status":"closed","sticky":false,"template":"","format":"standard","meta":{"ngg_post_thumbnail":0,"footnotes":""},"categories":[37,3],"tags":[],"class_list":["post-26089","post","type-post","status-publish","format-standard","has-post-thumbnail","hentry","category-marche-nordique-dernieres-sorties","category-dernieres-sorties"],"_links":{"self":[{"href":"https:\/\/www.cafmeythet.org\/wp\/wp-json\/wp\/v2\/posts\/26089","targetHints":{"allow":["GET"]}}],"collection":[{"href":"https:\/\/www.cafmeythet.org\/wp\/wp-json\/wp\/v2\/posts"}],"about":[{"href":"https:\/\/www.cafmeythet.org\/wp\/wp-json\/wp\/v2\/types\/post"}],"author":[{"embeddable":true,"href":"https:\/\/www.cafmeythet.org\/wp\/wp-json\/wp\/v2\/users\/7"}],"replies":[{"embeddable":true,"href":"https:\/\/www.cafmeythet.org\/wp\/wp-json\/wp\/v2\/comments?post=26089"}],"version-history":[{"count":0,"href":"https:\/\/www.cafmeythet.org\/wp\/wp-json\/wp\/v2\/posts\/26089\/revisions"}],"wp:featuredmedia":[{"embeddable":true,"href":"https:\/\/www.cafmeythet.org\/wp\/wp-json\/wp\/v2\/media\/26090"}],"wp:attachment":[{"href":"https:\/\/www.cafmeythet.org\/wp\/wp-json\/wp\/v2\/media?parent=26089"}],"wp:term":[{"taxonomy":"category","embeddable":true,"href":"https:\/\/www.cafmeythet.org\/wp\/wp-json\/wp\/v2\/categories?post=26089"},{"taxonomy":"post_tag","embeddable":true,"href":"https:\/\/www.cafmeythet.org\/wp\/wp-json\/wp\/v2\/tags?post=26089"}],"curies":[{"name":"wp","href":"https:\/\/api.w.org\/{rel}","templated":true}]}}