{"id":25997,"date":"2021-11-07T18:51:52","date_gmt":"2021-11-07T17:51:52","guid":{"rendered":"https:\/\/www.cafmeythet.org\/wp\/?p=25997"},"modified":"2021-11-07T18:56:19","modified_gmt":"2021-11-07T17:56:19","slug":"randonnee-pedestre-la-croix-de-meyrieu","status":"publish","type":"post","link":"https:\/\/www.cafmeythet.org\/wp\/2021\/11\/07\/randonnee-pedestre-la-croix-de-meyrieu\/","title":{"rendered":"Randonn\u00e9e p\u00e9destre: La Croix de Meyrieu"},"content":{"rendered":"\n<p>Beaucoup de succ\u00e8s pour cette randonn\u00e9e propos\u00e9e par Jo.<\/p>\n\n\n\n<p> 16 personnes lui embo\u00eetent le pas et cheminent derri\u00e8re lui sur un sentier forestier, en balcon, qui passe sous l&#8217;imposante falaise de la Chambotte. Une trou\u00e9e dans la for\u00eat permet d&#8217;apercevoir le lac du Bourget encore nimb\u00e9 de brume matinale. Puis la pente se fait plus soutenue jusqu&#8217;\u00e0 l&#8217;ancienne croix et un dernier raidillon permet d&#8217;atteindre la Croix de Meyrieu au pied de laquelle nous nous installerons pour le piquenique. Le retour s&#8217;effectue par un chemin forestier dont les talus buissonnants abritent de nombreux champignons pour la plupart non comestibles. <\/p>\n\n\n\n<p>Evelyne<\/p>\n\n\n\nngg_shortcode_0_placeholder\n\n\n<h3>Images li\u00e9es:<\/h3>","protected":false},"excerpt":{"rendered":"<p>Beaucoup de succ\u00e8s pour cette randonn\u00e9e propos\u00e9e par Jo. 16 personnes lui embo\u00eetent le pas et cheminent derri\u00e8re lui sur un sentier forestier, en balcon, qui passe sous l&#8217;imposante falaise de la Chambotte. Une trou\u00e9e dans la for\u00eat permet d&#8217;apercevoir le lac du Bourget encore nimb\u00e9 de brume matinale. Puis la pente se fait plus [&hellip;]<\/p>\n","protected":false},"author":7,"featured_media":26015,"comment_status":"closed","ping_status":"closed","sticky":false,"template":"","format":"standard","meta":{"ngg_post_thumbnail":0,"footnotes":""},"categories":[11,3],"tags":[],"class_list":["post-25997","post","type-post","status-publish","format-standard","has-post-thumbnail","hentry","category-randonnee","category-dernieres-sorties"],"_links":{"self":[{"href":"https:\/\/www.cafmeythet.org\/wp\/wp-json\/wp\/v2\/posts\/25997","targetHints":{"allow":["GET"]}}],"collection":[{"href":"https:\/\/www.cafmeythet.org\/wp\/wp-json\/wp\/v2\/posts"}],"about":[{"href":"https:\/\/www.cafmeythet.org\/wp\/wp-json\/wp\/v2\/types\/post"}],"author":[{"embeddable":true,"href":"https:\/\/www.cafmeythet.org\/wp\/wp-json\/wp\/v2\/users\/7"}],"replies":[{"embeddable":true,"href":"https:\/\/www.cafmeythet.org\/wp\/wp-json\/wp\/v2\/comments?post=25997"}],"version-history":[{"count":0,"href":"https:\/\/www.cafmeythet.org\/wp\/wp-json\/wp\/v2\/posts\/25997\/revisions"}],"wp:featuredmedia":[{"embeddable":true,"href":"https:\/\/www.cafmeythet.org\/wp\/wp-json\/wp\/v2\/media\/26015"}],"wp:attachment":[{"href":"https:\/\/www.cafmeythet.org\/wp\/wp-json\/wp\/v2\/media?parent=25997"}],"wp:term":[{"taxonomy":"category","embeddable":true,"href":"https:\/\/www.cafmeythet.org\/wp\/wp-json\/wp\/v2\/categories?post=25997"},{"taxonomy":"post_tag","embeddable":true,"href":"https:\/\/www.cafmeythet.org\/wp\/wp-json\/wp\/v2\/tags?post=25997"}],"curies":[{"name":"wp","href":"https:\/\/api.w.org\/{rel}","templated":true}]}}