{"id":25928,"date":"2021-10-16T10:07:00","date_gmt":"2021-10-16T09:07:00","guid":{"rendered":"https:\/\/www.cafmeythet.org\/wp\/?p=25928"},"modified":"2021-10-17T14:39:07","modified_gmt":"2021-10-17T13:39:07","slug":"marche-nordique-roc-des-cheres","status":"publish","type":"post","link":"https:\/\/www.cafmeythet.org\/wp\/2021\/10\/16\/marche-nordique-roc-des-cheres\/","title":{"rendered":"Marche Nordique &#8211; Roc de Ch\u00e8re"},"content":{"rendered":"\n<figure class=\"wp-block-image size-large\"><img loading=\"lazy\" decoding=\"async\" width=\"1024\" height=\"576\" src=\"https:\/\/www.cafmeythet.org\/wp\/wp-content\/uploads\/2021\/10\/2-20211016_103246-1024x576.jpg\" alt=\"\" class=\"wp-image-25929\" srcset=\"https:\/\/www.cafmeythet.org\/wp\/wp-content\/uploads\/2021\/10\/2-20211016_103246-1024x576.jpg 1024w, https:\/\/www.cafmeythet.org\/wp\/wp-content\/uploads\/2021\/10\/2-20211016_103246-333x187.jpg 333w, https:\/\/www.cafmeythet.org\/wp\/wp-content\/uploads\/2021\/10\/2-20211016_103246-768x432.jpg 768w, https:\/\/www.cafmeythet.org\/wp\/wp-content\/uploads\/2021\/10\/2-20211016_103246.jpg 1280w\" sizes=\"auto, (max-width: 1024px) 100vw, 1024px\" \/><\/figure>\n\n\n\n<p>Sept participantes dont trois nouvelles pour cette sortie au Roc de Ch\u00e8re, samedi 16 octobre, encadr\u00e9e par Fran\u00e7oise.<\/p>\n\n\n\n<p>Pas un seul nuage pour g\u00e2cher cette sortie !<\/p>\n\n\n\nngg_shortcode_0_placeholder\n<h3>Images li\u00e9es:<\/h3>","protected":false},"excerpt":{"rendered":"<p>Sept participantes dont trois nouvelles pour cette sortie au Roc de Ch\u00e8re, samedi 16 octobre, encadr\u00e9e par Fran\u00e7oise. Pas un seul nuage pour g\u00e2cher cette sortie ! Images li\u00e9es:<\/p>\n","protected":false},"author":172,"featured_media":0,"comment_status":"closed","ping_status":"closed","sticky":false,"template":"","format":"standard","meta":{"ngg_post_thumbnail":0,"footnotes":""},"categories":[37,3],"tags":[],"class_list":["post-25928","post","type-post","status-publish","format-standard","hentry","category-marche-nordique-dernieres-sorties","category-dernieres-sorties"],"_links":{"self":[{"href":"https:\/\/www.cafmeythet.org\/wp\/wp-json\/wp\/v2\/posts\/25928","targetHints":{"allow":["GET"]}}],"collection":[{"href":"https:\/\/www.cafmeythet.org\/wp\/wp-json\/wp\/v2\/posts"}],"about":[{"href":"https:\/\/www.cafmeythet.org\/wp\/wp-json\/wp\/v2\/types\/post"}],"author":[{"embeddable":true,"href":"https:\/\/www.cafmeythet.org\/wp\/wp-json\/wp\/v2\/users\/172"}],"replies":[{"embeddable":true,"href":"https:\/\/www.cafmeythet.org\/wp\/wp-json\/wp\/v2\/comments?post=25928"}],"version-history":[{"count":0,"href":"https:\/\/www.cafmeythet.org\/wp\/wp-json\/wp\/v2\/posts\/25928\/revisions"}],"wp:attachment":[{"href":"https:\/\/www.cafmeythet.org\/wp\/wp-json\/wp\/v2\/media?parent=25928"}],"wp:term":[{"taxonomy":"category","embeddable":true,"href":"https:\/\/www.cafmeythet.org\/wp\/wp-json\/wp\/v2\/categories?post=25928"},{"taxonomy":"post_tag","embeddable":true,"href":"https:\/\/www.cafmeythet.org\/wp\/wp-json\/wp\/v2\/tags?post=25928"}],"curies":[{"name":"wp","href":"https:\/\/api.w.org\/{rel}","templated":true}]}}