{"id":1641,"date":"2015-04-20T01:00:00","date_gmt":"2015-04-20T00:00:00","guid":{"rendered":"http:\/\/www.cafmeythet.org\/wp\/2015\/04\/19\/raid-a-ski-en-valais-du-20-au-25-avril-2015-2\/"},"modified":"2015-09-06T16:22:13","modified_gmt":"2015-09-06T15:22:13","slug":"raid-a-ski-en-valais-du-20-au-25-avril-2015-2","status":"publish","type":"post","link":"https:\/\/www.cafmeythet.org\/wp\/2015\/04\/20\/raid-a-ski-en-valais-du-20-au-25-avril-2015-2\/","title":{"rendered":"Ski de rando : Raid \u00e0 ski en Valais"},"content":{"rendered":"<p>6 jours de raid Jean-Luc et Marianne avec une m\u00e9t\u00e9o superbe.<\/p>\n<p><!-- default-view.php -->\n<div\n\tclass=\"ngg-galleryoverview default-view\n\t ngg-ajax-pagination-none\t\"\n\tid=\"ngg-gallery-382a5a8d5cddda876a49341935ff2e97-1\"\n\tdata-nextgen-gallery-id=\"8\"\n\tdata-gallery-id=\"8\"\n\t\tdata-gallery-name=\"2015-04-20 Raid en Valais\"\n\t>\n\n\t\t<!-- Thumbnails -->\n\t\t\t\t<div id=\"ngg-image-0\" class=\"ngg-gallery-thumbnail-box\n\t\t\t\t\t\t\t\tngg-4-columns\t\t\t\"\n\t\t\t>\n\t\t\t\t\t\t<div class=\"ngg-gallery-thumbnail\">\n\t\t<a href=\"https:\/\/www.cafmeythet.org\/wp\/wp-content\/gallery\/ski_rando\/2015-04-20%20Raid%20en%20Valais\/01-P1000140.JPG?t=1575154480\"\n\t\t\ttitle=\"jour1\"\n\t\t\tdata-src=\"https:\/\/www.cafmeythet.org\/wp\/wp-content\/gallery\/ski_rando\/2015-04-20%20Raid%20en%20Valais\/01-P1000140.JPG?t=1575154480\"\n\t\t\tdata-thumbnail=\"https:\/\/www.cafmeythet.org\/wp\/wp-content\/gallery\/ski_rando\/2015-04-20%20Raid%20en%20Valais\/thumbs\/thumbs_01-P1000140.JPG?t=1575154480\"\n\t\t\tdata-image-id=\"175\"\n\t\t\tdata-image-name=\"01-P1000140.JPG\"\n\t\t\tdata-title=\"01-p1000140\"\n\t\t\tdata-description=\"jour1\"\n\t\t\tdata-image-slug=\"01-p1000140\"\n\t\t\t\t\t\t\t\t\t\t\t\t\t\t\t\t\t\t\t\tclass='thickbox' rel='382a5a8d5cddda876a49341935ff2e97'>\n\t\t\t\t\t\t\t\t<img\n\t\t\t\t\ttitle=\"01-p1000140\"\n\t\t\t\t\talt=\"01-p1000140\"\n\t\t\t\t\tsrc=\"https:\/\/www.cafmeythet.org\/wp\/wp-content\/gallery\/ski_rando\/2015-04-20%20Raid%20en%20Valais\/cache\/01-P1000140.JPG-nggid03175-ngg0dyn-150x150x100-00f0w010c011r110f110r010t010.JPG?t=1575154480\"\n\t\t\t\t\twidth=\"150\"\n\t\t\t\t\theight=\"150\"\n\t\t\t\t\tstyle=\"max-width:100%;\"\n\t\t\t\t\/>\n\t\t\t<\/a>\n\t\t<\/div>\n\t\t\t\t\t\t\t<\/div>\n\t\t\t\n\t\t\t\t<div id=\"ngg-image-1\" class=\"ngg-gallery-thumbnail-box\n\t\t\t\t\t\t\t\tngg-4-columns\t\t\t\"\n\t\t\t>\n\t\t\t\t\t\t<div class=\"ngg-gallery-thumbnail\">\n\t\t<a href=\"https:\/\/www.cafmeythet.org\/wp\/wp-content\/gallery\/ski_rando\/2015-04-20%20Raid%20en%20Valais\/02-P1040725.JPG?t=1572328847\"\n\t\t\ttitle=\"le pas des chevres\"\n\t\t\tdata-src=\"https:\/\/www.cafmeythet.org\/wp\/wp-content\/gallery\/ski_rando\/2015-04-20%20Raid%20en%20Valais\/02-P1040725.JPG?t=1572328847\"\n\t\t\tdata-thumbnail=\"https:\/\/www.cafmeythet.org\/wp\/wp-content\/gallery\/ski_rando\/2015-04-20%20Raid%20en%20Valais\/thumbs\/thumbs_02-P1040725.JPG?t=1572328847\"\n\t\t\tdata-image-id=\"176\"\n\t\t\tdata-image-name=\"02-P1040725.JPG\"\n\t\t\tdata-title=\"02-p1040725\"\n\t\t\tdata-description=\"le pas des chevres\"\n\t\t\tdata-image-slug=\"02-p1040725\"\n\t\t\t\t\t\t\t\t\t\t\t\t\t\t\t\t\t\t\t\tclass='thickbox' rel='382a5a8d5cddda876a49341935ff2e97'>\n\t\t\t\t\t\t\t\t<img\n\t\t\t\t\ttitle=\"02-p1040725\"\n\t\t\t\t\talt=\"02-p1040725\"\n\t\t\t\t\tsrc=\"https:\/\/www.cafmeythet.org\/wp\/wp-content\/gallery\/ski_rando\/2015-04-20%20Raid%20en%20Valais\/cache\/02-P1040725.JPG-nggid03176-ngg0dyn-150x150x100-00f0w010c011r110f110r010t010.JPG?t=1572328847\"\n\t\t\t\t\twidth=\"150\"\n\t\t\t\t\theight=\"150\"\n\t\t\t\t\tstyle=\"max-width:100%;\"\n\t\t\t\t\/>\n\t\t\t<\/a>\n\t\t<\/div>\n\t\t\t\t\t\t\t<\/div>\n\t\t\t\n\t\t\t\t<div id=\"ngg-image-2\" class=\"ngg-gallery-thumbnail-box\n\t\t\t\t\t\t\t\tngg-4-columns\t\t\t\"\n\t\t\t>\n\t\t\t\t\t\t<div class=\"ngg-gallery-thumbnail\">\n\t\t<a href=\"https:\/\/www.cafmeythet.org\/wp\/wp-content\/gallery\/ski_rando\/2015-04-20%20Raid%20en%20Valais\/03-P1040739.JPG?t=1572328847\"\n\t\t\ttitle=\"en montant au mont blanc de cheillon\"\n\t\t\tdata-src=\"https:\/\/www.cafmeythet.org\/wp\/wp-content\/gallery\/ski_rando\/2015-04-20%20Raid%20en%20Valais\/03-P1040739.JPG?t=1572328847\"\n\t\t\tdata-thumbnail=\"https:\/\/www.cafmeythet.org\/wp\/wp-content\/gallery\/ski_rando\/2015-04-20%20Raid%20en%20Valais\/thumbs\/thumbs_03-P1040739.JPG?t=1572328847\"\n\t\t\tdata-image-id=\"177\"\n\t\t\tdata-image-name=\"03-P1040739.JPG\"\n\t\t\tdata-title=\"03-p1040739\"\n\t\t\tdata-description=\"en montant au mont blanc de cheillon\"\n\t\t\tdata-image-slug=\"03-p1040739\"\n\t\t\t\t\t\t\t\t\t\t\t\t\t\t\t\t\t\t\t\tclass='thickbox' rel='382a5a8d5cddda876a49341935ff2e97'>\n\t\t\t\t\t\t\t\t<img\n\t\t\t\t\ttitle=\"03-p1040739\"\n\t\t\t\t\talt=\"03-p1040739\"\n\t\t\t\t\tsrc=\"https:\/\/www.cafmeythet.org\/wp\/wp-content\/gallery\/ski_rando\/2015-04-20%20Raid%20en%20Valais\/cache\/03-P1040739.JPG-nggid03177-ngg0dyn-150x150x100-00f0w010c011r110f110r010t010.JPG?t=1572328847\"\n\t\t\t\t\twidth=\"150\"\n\t\t\t\t\theight=\"150\"\n\t\t\t\t\tstyle=\"max-width:100%;\"\n\t\t\t\t\/>\n\t\t\t<\/a>\n\t\t<\/div>\n\t\t\t\t\t\t\t<\/div>\n\t\t\t\n\t\t\t\t<div id=\"ngg-image-3\" class=\"ngg-gallery-thumbnail-box\n\t\t\t\t\t\t\t\tngg-4-columns\t\t\t\"\n\t\t\t>\n\t\t\t\t\t\t<div class=\"ngg-gallery-thumbnail\">\n\t\t<a href=\"https:\/\/www.cafmeythet.org\/wp\/wp-content\/gallery\/ski_rando\/2015-04-20%20Raid%20en%20Valais\/04-P1040749.JPG?t=1572328847\"\n\t\t\ttitle=\"cervin et dent d&#039;herens\"\n\t\t\tdata-src=\"https:\/\/www.cafmeythet.org\/wp\/wp-content\/gallery\/ski_rando\/2015-04-20%20Raid%20en%20Valais\/04-P1040749.JPG?t=1572328847\"\n\t\t\tdata-thumbnail=\"https:\/\/www.cafmeythet.org\/wp\/wp-content\/gallery\/ski_rando\/2015-04-20%20Raid%20en%20Valais\/thumbs\/thumbs_04-P1040749.JPG?t=1572328847\"\n\t\t\tdata-image-id=\"178\"\n\t\t\tdata-image-name=\"04-P1040749.JPG\"\n\t\t\tdata-title=\"04-p1040749\"\n\t\t\tdata-description=\"cervin et dent d&#039;herens\"\n\t\t\tdata-image-slug=\"04-p1040749\"\n\t\t\t\t\t\t\t\t\t\t\t\t\t\t\t\t\t\t\t\tclass='thickbox' rel='382a5a8d5cddda876a49341935ff2e97'>\n\t\t\t\t\t\t\t\t<img\n\t\t\t\t\ttitle=\"04-p1040749\"\n\t\t\t\t\talt=\"04-p1040749\"\n\t\t\t\t\tsrc=\"https:\/\/www.cafmeythet.org\/wp\/wp-content\/gallery\/ski_rando\/2015-04-20%20Raid%20en%20Valais\/cache\/04-P1040749.JPG-nggid03178-ngg0dyn-150x150x100-00f0w010c011r110f110r010t010.JPG?t=1572328847\"\n\t\t\t\t\twidth=\"150\"\n\t\t\t\t\theight=\"150\"\n\t\t\t\t\tstyle=\"max-width:100%;\"\n\t\t\t\t\/>\n\t\t\t<\/a>\n\t\t<\/div>\n\t\t\t\t\t\t\t<\/div>\n\t\t\t\n\t\t\t\t<div id=\"ngg-image-4\" class=\"ngg-gallery-thumbnail-box\n\t\t\t\t\t\t\t\tngg-4-columns\t\t\t\"\n\t\t\t>\n\t\t\t\t\t\t<div class=\"ngg-gallery-thumbnail\">\n\t\t<a href=\"https:\/\/www.cafmeythet.org\/wp\/wp-content\/gallery\/ski_rando\/2015-04-20%20Raid%20en%20Valais\/05-P1040780.JPG?t=1572328848\"\n\t\t\ttitle=\"\"\n\t\t\tdata-src=\"https:\/\/www.cafmeythet.org\/wp\/wp-content\/gallery\/ski_rando\/2015-04-20%20Raid%20en%20Valais\/05-P1040780.JPG?t=1572328848\"\n\t\t\tdata-thumbnail=\"https:\/\/www.cafmeythet.org\/wp\/wp-content\/gallery\/ski_rando\/2015-04-20%20Raid%20en%20Valais\/thumbs\/thumbs_05-P1040780.JPG?t=1572328848\"\n\t\t\tdata-image-id=\"179\"\n\t\t\tdata-image-name=\"05-P1040780.JPG\"\n\t\t\tdata-title=\"05-p1040780\"\n\t\t\tdata-description=\"\"\n\t\t\tdata-image-slug=\"05-p1040780\"\n\t\t\t\t\t\t\t\t\t\t\t\t\t\t\t\t\t\t\t\tclass='thickbox' rel='382a5a8d5cddda876a49341935ff2e97'>\n\t\t\t\t\t\t\t\t<img\n\t\t\t\t\ttitle=\"05-p1040780\"\n\t\t\t\t\talt=\"05-p1040780\"\n\t\t\t\t\tsrc=\"https:\/\/www.cafmeythet.org\/wp\/wp-content\/gallery\/ski_rando\/2015-04-20%20Raid%20en%20Valais\/cache\/05-P1040780.JPG-nggid03179-ngg0dyn-150x150x100-00f0w010c011r110f110r010t010.JPG?t=1572328848\"\n\t\t\t\t\twidth=\"150\"\n\t\t\t\t\theight=\"150\"\n\t\t\t\t\tstyle=\"max-width:100%;\"\n\t\t\t\t\/>\n\t\t\t<\/a>\n\t\t<\/div>\n\t\t\t\t\t\t\t<\/div>\n\t\t\t\n\t\t\t\t<div id=\"ngg-image-5\" class=\"ngg-gallery-thumbnail-box\n\t\t\t\t\t\t\t\tngg-4-columns\t\t\t\"\n\t\t\t>\n\t\t\t\t\t\t<div class=\"ngg-gallery-thumbnail\">\n\t\t<a href=\"https:\/\/www.cafmeythet.org\/wp\/wp-content\/gallery\/ski_rando\/2015-04-20%20Raid%20en%20Valais\/06-P1040781.JPG?t=1572328848\"\n\t\t\ttitle=\"sommet du pigne d&#039;arolla 3790m\"\n\t\t\tdata-src=\"https:\/\/www.cafmeythet.org\/wp\/wp-content\/gallery\/ski_rando\/2015-04-20%20Raid%20en%20Valais\/06-P1040781.JPG?t=1572328848\"\n\t\t\tdata-thumbnail=\"https:\/\/www.cafmeythet.org\/wp\/wp-content\/gallery\/ski_rando\/2015-04-20%20Raid%20en%20Valais\/thumbs\/thumbs_06-P1040781.JPG?t=1572328848\"\n\t\t\tdata-image-id=\"180\"\n\t\t\tdata-image-name=\"06-P1040781.JPG\"\n\t\t\tdata-title=\"06-p1040781\"\n\t\t\tdata-description=\"sommet du pigne d&#039;arolla 3790m\"\n\t\t\tdata-image-slug=\"06-p1040781\"\n\t\t\t\t\t\t\t\t\t\t\t\t\t\t\t\t\t\t\t\tclass='thickbox' rel='382a5a8d5cddda876a49341935ff2e97'>\n\t\t\t\t\t\t\t\t<img\n\t\t\t\t\ttitle=\"06-p1040781\"\n\t\t\t\t\talt=\"06-p1040781\"\n\t\t\t\t\tsrc=\"https:\/\/www.cafmeythet.org\/wp\/wp-content\/gallery\/ski_rando\/2015-04-20%20Raid%20en%20Valais\/cache\/06-P1040781.JPG-nggid03180-ngg0dyn-150x150x100-00f0w010c011r110f110r010t010.JPG?t=1572328848\"\n\t\t\t\t\twidth=\"150\"\n\t\t\t\t\theight=\"150\"\n\t\t\t\t\tstyle=\"max-width:100%;\"\n\t\t\t\t\/>\n\t\t\t<\/a>\n\t\t<\/div>\n\t\t\t\t\t\t\t<\/div>\n\t\t\t\n\t\t\t\t<div id=\"ngg-image-6\" class=\"ngg-gallery-thumbnail-box\n\t\t\t\t\t\t\t\tngg-4-columns\t\t\t\"\n\t\t\t>\n\t\t\t\t\t\t<div class=\"ngg-gallery-thumbnail\">\n\t\t<a href=\"https:\/\/www.cafmeythet.org\/wp\/wp-content\/gallery\/ski_rando\/2015-04-20%20Raid%20en%20Valais\/07-P1040795.JPG?t=1572328846\"\n\t\t\ttitle=\"\"\n\t\t\tdata-src=\"https:\/\/www.cafmeythet.org\/wp\/wp-content\/gallery\/ski_rando\/2015-04-20%20Raid%20en%20Valais\/07-P1040795.JPG?t=1572328846\"\n\t\t\tdata-thumbnail=\"https:\/\/www.cafmeythet.org\/wp\/wp-content\/gallery\/ski_rando\/2015-04-20%20Raid%20en%20Valais\/thumbs\/thumbs_07-P1040795.JPG?t=1572328846\"\n\t\t\tdata-image-id=\"181\"\n\t\t\tdata-image-name=\"07-P1040795.JPG\"\n\t\t\tdata-title=\"07-p1040795\"\n\t\t\tdata-description=\"\"\n\t\t\tdata-image-slug=\"07-p1040795\"\n\t\t\t\t\t\t\t\t\t\t\t\t\t\t\t\t\t\t\t\tclass='thickbox' rel='382a5a8d5cddda876a49341935ff2e97'>\n\t\t\t\t\t\t\t\t<img\n\t\t\t\t\ttitle=\"07-p1040795\"\n\t\t\t\t\talt=\"07-p1040795\"\n\t\t\t\t\tsrc=\"https:\/\/www.cafmeythet.org\/wp\/wp-content\/gallery\/ski_rando\/2015-04-20%20Raid%20en%20Valais\/cache\/07-P1040795.JPG-nggid03181-ngg0dyn-150x150x100-00f0w010c011r110f110r010t010.JPG?t=1572328846\"\n\t\t\t\t\twidth=\"150\"\n\t\t\t\t\theight=\"150\"\n\t\t\t\t\tstyle=\"max-width:100%;\"\n\t\t\t\t\/>\n\t\t\t<\/a>\n\t\t<\/div>\n\t\t\t\t\t\t\t<\/div>\n\t\t\t\n\t\t\t\t<div id=\"ngg-image-7\" class=\"ngg-gallery-thumbnail-box\n\t\t\t\t\t\t\t\tngg-4-columns\t\t\t\"\n\t\t\t>\n\t\t\t\t\t\t<div class=\"ngg-gallery-thumbnail\">\n\t\t<a href=\"https:\/\/www.cafmeythet.org\/wp\/wp-content\/gallery\/ski_rando\/2015-04-20%20Raid%20en%20Valais\/08-P1040810.JPG?t=1572328847\"\n\t\t\ttitle=\"sommet de la pointe kurz 3498m\"\n\t\t\tdata-src=\"https:\/\/www.cafmeythet.org\/wp\/wp-content\/gallery\/ski_rando\/2015-04-20%20Raid%20en%20Valais\/08-P1040810.JPG?t=1572328847\"\n\t\t\tdata-thumbnail=\"https:\/\/www.cafmeythet.org\/wp\/wp-content\/gallery\/ski_rando\/2015-04-20%20Raid%20en%20Valais\/thumbs\/thumbs_08-P1040810.JPG?t=1572328847\"\n\t\t\tdata-image-id=\"182\"\n\t\t\tdata-image-name=\"08-P1040810.JPG\"\n\t\t\tdata-title=\"08-p1040810\"\n\t\t\tdata-description=\"sommet de la pointe kurz 3498m\"\n\t\t\tdata-image-slug=\"08-p1040810\"\n\t\t\t\t\t\t\t\t\t\t\t\t\t\t\t\t\t\t\t\tclass='thickbox' rel='382a5a8d5cddda876a49341935ff2e97'>\n\t\t\t\t\t\t\t\t<img\n\t\t\t\t\ttitle=\"08-p1040810\"\n\t\t\t\t\talt=\"08-p1040810\"\n\t\t\t\t\tsrc=\"https:\/\/www.cafmeythet.org\/wp\/wp-content\/gallery\/ski_rando\/2015-04-20%20Raid%20en%20Valais\/cache\/08-P1040810.JPG-nggid03182-ngg0dyn-150x150x100-00f0w010c011r110f110r010t010.JPG?t=1572328847\"\n\t\t\t\t\twidth=\"150\"\n\t\t\t\t\theight=\"150\"\n\t\t\t\t\tstyle=\"max-width:100%;\"\n\t\t\t\t\/>\n\t\t\t<\/a>\n\t\t<\/div>\n\t\t\t\t\t\t\t<\/div>\n\t\t\t\n\t\t\t\t<div id=\"ngg-image-8\" class=\"ngg-gallery-thumbnail-box\n\t\t\t\t\t\t\t\tngg-4-columns\t\t\t\"\n\t\t\t>\n\t\t\t\t\t\t<div class=\"ngg-gallery-thumbnail\">\n\t\t<a href=\"https:\/\/www.cafmeythet.org\/wp\/wp-content\/gallery\/ski_rando\/2015-04-20%20Raid%20en%20Valais\/09-P1040837.JPG?t=1572328847\"\n\t\t\ttitle=\"bivouac des bouquetins\"\n\t\t\tdata-src=\"https:\/\/www.cafmeythet.org\/wp\/wp-content\/gallery\/ski_rando\/2015-04-20%20Raid%20en%20Valais\/09-P1040837.JPG?t=1572328847\"\n\t\t\tdata-thumbnail=\"https:\/\/www.cafmeythet.org\/wp\/wp-content\/gallery\/ski_rando\/2015-04-20%20Raid%20en%20Valais\/thumbs\/thumbs_09-P1040837.JPG?t=1572328847\"\n\t\t\tdata-image-id=\"183\"\n\t\t\tdata-image-name=\"09-P1040837.JPG\"\n\t\t\tdata-title=\"09-p1040837\"\n\t\t\tdata-description=\"bivouac des bouquetins\"\n\t\t\tdata-image-slug=\"09-p1040837\"\n\t\t\t\t\t\t\t\t\t\t\t\t\t\t\t\t\t\t\t\tclass='thickbox' rel='382a5a8d5cddda876a49341935ff2e97'>\n\t\t\t\t\t\t\t\t<img\n\t\t\t\t\ttitle=\"09-p1040837\"\n\t\t\t\t\talt=\"09-p1040837\"\n\t\t\t\t\tsrc=\"https:\/\/www.cafmeythet.org\/wp\/wp-content\/gallery\/ski_rando\/2015-04-20%20Raid%20en%20Valais\/cache\/09-P1040837.JPG-nggid03183-ngg0dyn-150x150x100-00f0w010c011r110f110r010t010.JPG?t=1572328847\"\n\t\t\t\t\twidth=\"150\"\n\t\t\t\t\theight=\"150\"\n\t\t\t\t\tstyle=\"max-width:100%;\"\n\t\t\t\t\/>\n\t\t\t<\/a>\n\t\t<\/div>\n\t\t\t\t\t\t\t<\/div>\n\t\t\t\n\t\t\t\t<div id=\"ngg-image-9\" class=\"ngg-gallery-thumbnail-box\n\t\t\t\t\t\t\t\tngg-4-columns\t\t\t\"\n\t\t\t>\n\t\t\t\t\t\t<div class=\"ngg-gallery-thumbnail\">\n\t\t<a href=\"https:\/\/www.cafmeythet.org\/wp\/wp-content\/gallery\/ski_rando\/2015-04-20%20Raid%20en%20Valais\/10-P1040844.JPG?t=1572328847\"\n\t\t\ttitle=\"le glacier de la tsa de tsan\"\n\t\t\tdata-src=\"https:\/\/www.cafmeythet.org\/wp\/wp-content\/gallery\/ski_rando\/2015-04-20%20Raid%20en%20Valais\/10-P1040844.JPG?t=1572328847\"\n\t\t\tdata-thumbnail=\"https:\/\/www.cafmeythet.org\/wp\/wp-content\/gallery\/ski_rando\/2015-04-20%20Raid%20en%20Valais\/thumbs\/thumbs_10-P1040844.JPG?t=1572328847\"\n\t\t\tdata-image-id=\"184\"\n\t\t\tdata-image-name=\"10-P1040844.JPG\"\n\t\t\tdata-title=\"10-p1040844\"\n\t\t\tdata-description=\"le glacier de la tsa de tsan\"\n\t\t\tdata-image-slug=\"10-p1040844\"\n\t\t\t\t\t\t\t\t\t\t\t\t\t\t\t\t\t\t\t\tclass='thickbox' rel='382a5a8d5cddda876a49341935ff2e97'>\n\t\t\t\t\t\t\t\t<img\n\t\t\t\t\ttitle=\"10-p1040844\"\n\t\t\t\t\talt=\"10-p1040844\"\n\t\t\t\t\tsrc=\"https:\/\/www.cafmeythet.org\/wp\/wp-content\/gallery\/ski_rando\/2015-04-20%20Raid%20en%20Valais\/cache\/10-P1040844.JPG-nggid03184-ngg0dyn-150x150x100-00f0w010c011r110f110r010t010.JPG?t=1572328847\"\n\t\t\t\t\twidth=\"150\"\n\t\t\t\t\theight=\"150\"\n\t\t\t\t\tstyle=\"max-width:100%;\"\n\t\t\t\t\/>\n\t\t\t<\/a>\n\t\t<\/div>\n\t\t\t\t\t\t\t<\/div>\n\t\t\t\n\t\t\t\t<div id=\"ngg-image-10\" class=\"ngg-gallery-thumbnail-box\n\t\t\t\t\t\t\t\tngg-4-columns\t\t\t\"\n\t\t\t>\n\t\t\t\t\t\t<div class=\"ngg-gallery-thumbnail\">\n\t\t<a href=\"https:\/\/www.cafmeythet.org\/wp\/wp-content\/gallery\/ski_rando\/2015-04-20%20Raid%20en%20Valais\/11-P1040851.JPG?t=1572328847\"\n\t\t\ttitle=\"la tete de valpelline 3799m\"\n\t\t\tdata-src=\"https:\/\/www.cafmeythet.org\/wp\/wp-content\/gallery\/ski_rando\/2015-04-20%20Raid%20en%20Valais\/11-P1040851.JPG?t=1572328847\"\n\t\t\tdata-thumbnail=\"https:\/\/www.cafmeythet.org\/wp\/wp-content\/gallery\/ski_rando\/2015-04-20%20Raid%20en%20Valais\/thumbs\/thumbs_11-P1040851.JPG?t=1572328847\"\n\t\t\tdata-image-id=\"185\"\n\t\t\tdata-image-name=\"11-P1040851.JPG\"\n\t\t\tdata-title=\"11-p1040851\"\n\t\t\tdata-description=\"la tete de valpelline 3799m\"\n\t\t\tdata-image-slug=\"11-p1040851\"\n\t\t\t\t\t\t\t\t\t\t\t\t\t\t\t\t\t\t\t\tclass='thickbox' rel='382a5a8d5cddda876a49341935ff2e97'>\n\t\t\t\t\t\t\t\t<img\n\t\t\t\t\ttitle=\"11-p1040851\"\n\t\t\t\t\talt=\"11-p1040851\"\n\t\t\t\t\tsrc=\"https:\/\/www.cafmeythet.org\/wp\/wp-content\/gallery\/ski_rando\/2015-04-20%20Raid%20en%20Valais\/cache\/11-P1040851.JPG-nggid03185-ngg0dyn-150x150x100-00f0w010c011r110f110r010t010.JPG?t=1572328847\"\n\t\t\t\t\twidth=\"150\"\n\t\t\t\t\theight=\"150\"\n\t\t\t\t\tstyle=\"max-width:100%;\"\n\t\t\t\t\/>\n\t\t\t<\/a>\n\t\t<\/div>\n\t\t\t\t\t\t\t<\/div>\n\t\t\t\n\t\t\t\t<div id=\"ngg-image-11\" class=\"ngg-gallery-thumbnail-box\n\t\t\t\t\t\t\t\tngg-4-columns\t\t\t\"\n\t\t\t>\n\t\t\t\t\t\t<div class=\"ngg-gallery-thumbnail\">\n\t\t<a href=\"https:\/\/www.cafmeythet.org\/wp\/wp-content\/gallery\/ski_rando\/2015-04-20%20Raid%20en%20Valais\/12-P1040859.JPG?t=1572328848\"\n\t\t\ttitle=\"refuge bertol 3311m\"\n\t\t\tdata-src=\"https:\/\/www.cafmeythet.org\/wp\/wp-content\/gallery\/ski_rando\/2015-04-20%20Raid%20en%20Valais\/12-P1040859.JPG?t=1572328848\"\n\t\t\tdata-thumbnail=\"https:\/\/www.cafmeythet.org\/wp\/wp-content\/gallery\/ski_rando\/2015-04-20%20Raid%20en%20Valais\/thumbs\/thumbs_12-P1040859.JPG?t=1572328848\"\n\t\t\tdata-image-id=\"186\"\n\t\t\tdata-image-name=\"12-P1040859.JPG\"\n\t\t\tdata-title=\"12-p1040859\"\n\t\t\tdata-description=\"refuge bertol 3311m\"\n\t\t\tdata-image-slug=\"12-p1040859\"\n\t\t\t\t\t\t\t\t\t\t\t\t\t\t\t\t\t\t\t\tclass='thickbox' rel='382a5a8d5cddda876a49341935ff2e97'>\n\t\t\t\t\t\t\t\t<img\n\t\t\t\t\ttitle=\"12-p1040859\"\n\t\t\t\t\talt=\"12-p1040859\"\n\t\t\t\t\tsrc=\"https:\/\/www.cafmeythet.org\/wp\/wp-content\/gallery\/ski_rando\/2015-04-20%20Raid%20en%20Valais\/cache\/12-P1040859.JPG-nggid03186-ngg0dyn-150x150x100-00f0w010c011r110f110r010t010.JPG?t=1572328848\"\n\t\t\t\t\twidth=\"150\"\n\t\t\t\t\theight=\"150\"\n\t\t\t\t\tstyle=\"max-width:100%;\"\n\t\t\t\t\/>\n\t\t\t<\/a>\n\t\t<\/div>\n\t\t\t\t\t\t\t<\/div>\n\t\t\t\n\t\t\t\t<div id=\"ngg-image-12\" class=\"ngg-gallery-thumbnail-box\n\t\t\t\t\t\t\t\tngg-4-columns\t\t\t\"\n\t\t\t>\n\t\t\t\t\t\t<div class=\"ngg-gallery-thumbnail\">\n\t\t<a href=\"https:\/\/www.cafmeythet.org\/wp\/wp-content\/gallery\/ski_rando\/2015-04-20%20Raid%20en%20Valais\/13-P1040867.JPG?t=1572328848\"\n\t\t\ttitle=\"\"\n\t\t\tdata-src=\"https:\/\/www.cafmeythet.org\/wp\/wp-content\/gallery\/ski_rando\/2015-04-20%20Raid%20en%20Valais\/13-P1040867.JPG?t=1572328848\"\n\t\t\tdata-thumbnail=\"https:\/\/www.cafmeythet.org\/wp\/wp-content\/gallery\/ski_rando\/2015-04-20%20Raid%20en%20Valais\/thumbs\/thumbs_13-P1040867.JPG?t=1572328848\"\n\t\t\tdata-image-id=\"187\"\n\t\t\tdata-image-name=\"13-P1040867.JPG\"\n\t\t\tdata-title=\"13-p1040867\"\n\t\t\tdata-description=\"\"\n\t\t\tdata-image-slug=\"13-p1040867\"\n\t\t\t\t\t\t\t\t\t\t\t\t\t\t\t\t\t\t\t\tclass='thickbox' rel='382a5a8d5cddda876a49341935ff2e97'>\n\t\t\t\t\t\t\t\t<img\n\t\t\t\t\ttitle=\"13-p1040867\"\n\t\t\t\t\talt=\"13-p1040867\"\n\t\t\t\t\tsrc=\"https:\/\/www.cafmeythet.org\/wp\/wp-content\/gallery\/ski_rando\/2015-04-20%20Raid%20en%20Valais\/cache\/13-P1040867.JPG-nggid03187-ngg0dyn-150x150x100-00f0w010c011r110f110r010t010.JPG?t=1572328848\"\n\t\t\t\t\twidth=\"150\"\n\t\t\t\t\theight=\"150\"\n\t\t\t\t\tstyle=\"max-width:100%;\"\n\t\t\t\t\/>\n\t\t\t<\/a>\n\t\t<\/div>\n\t\t\t\t\t\t\t<\/div>\n\t\t\t\n\t\t\t\t<div id=\"ngg-image-13\" class=\"ngg-gallery-thumbnail-box\n\t\t\t\t\t\t\t\tngg-4-columns\t\t\t\"\n\t\t\t>\n\t\t\t\t\t\t<div class=\"ngg-gallery-thumbnail\">\n\t\t<a href=\"https:\/\/www.cafmeythet.org\/wp\/wp-content\/gallery\/ski_rando\/2015-04-20%20Raid%20en%20Valais\/14-IMG_2388.JPG?t=1572328847\"\n\t\t\ttitle=\"tete blanche 3707m le cairn\"\n\t\t\tdata-src=\"https:\/\/www.cafmeythet.org\/wp\/wp-content\/gallery\/ski_rando\/2015-04-20%20Raid%20en%20Valais\/14-IMG_2388.JPG?t=1572328847\"\n\t\t\tdata-thumbnail=\"https:\/\/www.cafmeythet.org\/wp\/wp-content\/gallery\/ski_rando\/2015-04-20%20Raid%20en%20Valais\/thumbs\/thumbs_14-IMG_2388.JPG?t=1572328847\"\n\t\t\tdata-image-id=\"188\"\n\t\t\tdata-image-name=\"14-IMG_2388.JPG\"\n\t\t\tdata-title=\"Premier plan derriere le cairn: Col du Mont Brule\"\n\t\t\tdata-description=\"tete blanche 3707m le cairn\"\n\t\t\tdata-image-slug=\"14-img_2388\"\n\t\t\t\t\t\t\t\t\t\t\t\t\t\t\t\t\t\t\t\tclass='thickbox' rel='382a5a8d5cddda876a49341935ff2e97'>\n\t\t\t\t\t\t\t\t<img\n\t\t\t\t\ttitle=\"Premier plan derriere le cairn: Col du Mont Brule\"\n\t\t\t\t\talt=\"Premier plan derriere le cairn: Col du Mont Brule\"\n\t\t\t\t\tsrc=\"https:\/\/www.cafmeythet.org\/wp\/wp-content\/gallery\/ski_rando\/2015-04-20%20Raid%20en%20Valais\/cache\/14-IMG_2388.JPG-nggid03188-ngg0dyn-150x150x100-00f0w010c011r110f110r010t010.JPG?t=1572328847\"\n\t\t\t\t\twidth=\"150\"\n\t\t\t\t\theight=\"150\"\n\t\t\t\t\tstyle=\"max-width:100%;\"\n\t\t\t\t\/>\n\t\t\t<\/a>\n\t\t<\/div>\n\t\t\t\t\t\t\t<\/div>\n\t\t\t\n\t\t\t\t<div id=\"ngg-image-14\" class=\"ngg-gallery-thumbnail-box\n\t\t\t\t\t\t\t\tngg-4-columns\t\t\t\"\n\t\t\t>\n\t\t\t\t\t\t<div class=\"ngg-gallery-thumbnail\">\n\t\t<a href=\"https:\/\/www.cafmeythet.org\/wp\/wp-content\/gallery\/ski_rando\/2015-04-20%20Raid%20en%20Valais\/15-P1000165.JPG?t=1572328847\"\n\t\t\ttitle=\"Au sommet ouest du mont blanc de Cheillon 3780m\"\n\t\t\tdata-src=\"https:\/\/www.cafmeythet.org\/wp\/wp-content\/gallery\/ski_rando\/2015-04-20%20Raid%20en%20Valais\/15-P1000165.JPG?t=1572328847\"\n\t\t\tdata-thumbnail=\"https:\/\/www.cafmeythet.org\/wp\/wp-content\/gallery\/ski_rando\/2015-04-20%20Raid%20en%20Valais\/thumbs\/thumbs_15-P1000165.JPG?t=1572328847\"\n\t\t\tdata-image-id=\"189\"\n\t\t\tdata-image-name=\"15-P1000165.JPG\"\n\t\t\tdata-title=\"Au sommet ouest du mont blanc de Cheillon 3780m\"\n\t\t\tdata-description=\"Au sommet ouest du mont blanc de Cheillon 3780m\"\n\t\t\tdata-image-slug=\"15-p1000165\"\n\t\t\t\t\t\t\t\t\t\t\t\t\t\t\t\t\t\t\t\tclass='thickbox' rel='382a5a8d5cddda876a49341935ff2e97'>\n\t\t\t\t\t\t\t\t<img\n\t\t\t\t\ttitle=\"Au sommet ouest du mont blanc de Cheillon 3780m\"\n\t\t\t\t\talt=\"Au sommet ouest du mont blanc de Cheillon 3780m\"\n\t\t\t\t\tsrc=\"https:\/\/www.cafmeythet.org\/wp\/wp-content\/gallery\/ski_rando\/2015-04-20%20Raid%20en%20Valais\/cache\/15-P1000165.JPG-nggid03189-ngg0dyn-150x150x100-00f0w010c011r110f110r010t010.JPG?t=1572328847\"\n\t\t\t\t\twidth=\"150\"\n\t\t\t\t\theight=\"150\"\n\t\t\t\t\tstyle=\"max-width:100%;\"\n\t\t\t\t\/>\n\t\t\t<\/a>\n\t\t<\/div>\n\t\t\t\t\t\t\t<\/div>\n\t\t\t\n\t\n\t<br style=\"clear: both\" \/>\n\n\t\n\t\t<!-- Pagination -->\n\t\t<div class='ngg-clear'><\/div>\t<\/div>\n<\/p>\n<h3>Images li\u00e9es:<\/h3>","protected":false},"excerpt":{"rendered":"<p>6 jours de raid Jean-Luc et Marianne avec une m\u00e9t\u00e9o superbe. Images li\u00e9es:<\/p>\n","protected":false},"author":3,"featured_media":0,"comment_status":"closed","ping_status":"closed","sticky":false,"template":"","format":"standard","meta":{"ngg_post_thumbnail":0,"footnotes":""},"categories":[12,3],"tags":[],"class_list":["post-1641","post","type-post","status-publish","format-standard","hentry","category-ski-de-randonnee","category-dernieres-sorties"],"_links":{"self":[{"href":"https:\/\/www.cafmeythet.org\/wp\/wp-json\/wp\/v2\/posts\/1641","targetHints":{"allow":["GET"]}}],"collection":[{"href":"https:\/\/www.cafmeythet.org\/wp\/wp-json\/wp\/v2\/posts"}],"about":[{"href":"https:\/\/www.cafmeythet.org\/wp\/wp-json\/wp\/v2\/types\/post"}],"author":[{"embeddable":true,"href":"https:\/\/www.cafmeythet.org\/wp\/wp-json\/wp\/v2\/users\/3"}],"replies":[{"embeddable":true,"href":"https:\/\/www.cafmeythet.org\/wp\/wp-json\/wp\/v2\/comments?post=1641"}],"version-history":[{"count":0,"href":"https:\/\/www.cafmeythet.org\/wp\/wp-json\/wp\/v2\/posts\/1641\/revisions"}],"wp:attachment":[{"href":"https:\/\/www.cafmeythet.org\/wp\/wp-json\/wp\/v2\/media?parent=1641"}],"wp:term":[{"taxonomy":"category","embeddable":true,"href":"https:\/\/www.cafmeythet.org\/wp\/wp-json\/wp\/v2\/categories?post=1641"},{"taxonomy":"post_tag","embeddable":true,"href":"https:\/\/www.cafmeythet.org\/wp\/wp-json\/wp\/v2\/tags?post=1641"}],"curies":[{"name":"wp","href":"https:\/\/api.w.org\/{rel}","templated":true}]}}